{"id":1151,"date":"2025-04-25T17:00:00","date_gmt":"2025-04-25T20:00:00","guid":{"rendered":"https:\/\/www.gadens.com.br\/?p=1151"},"modified":"2025-04-25T12:24:30","modified_gmt":"2025-04-25T15:24:30","slug":"apartamentos-compactos-sao-tendencia-em-curitiba","status":"publish","type":"post","link":"https:\/\/gadens.com.br\/_homologacao\/apartamentos-compactos-sao-tendencia-em-curitiba\/","title":{"rendered":"Apartamentos compactos s\u00e3o tend\u00eancia em Curitiba"},"content":{"rendered":"\n<p>As fam\u00edlias est\u00e3o cada vez menores, essa \u00e9 uma realidade muito consolidada. Conforme censo do Instituto Brasileiro de Geografia e Estat\u00edstica (IBGE), o n\u00famero m\u00e9dio de moradores por resid\u00eancia caiu de 3,31 em 2010 para 2,79 em 2022.&nbsp;<\/p>\n\n\n\n<p>Somando esse fator a uma rotina muito mais agitada, os apartamentos compactos s\u00e3o uma tend\u00eancia global de moradia, que vem de encontro \u00e0 praticidade e funcionalidade. Em Curitiba (PR), essa realidade n\u00e3o \u00e9 diferente e o mercado desse tipo de im\u00f3vel est\u00e1 em ampla ascens\u00e3o.&nbsp;<\/p>\n\n\n\n<p>Os apartamentos compactos possuem tamanho de 20m\u00b2 a 45m\u00b2, com um ou dois quartos. Apesar do tamanho menor, oferecem uma planta mais funcional, disposi\u00e7\u00e3o mais inteligente e ainda exigem menor manuten\u00e7\u00e3o.<\/p>\n\n\n\n<p>Por essas raz\u00f5es podem ser uma boa alternativa para aqueles que buscam um estilo de vida mais pr\u00e1tico e pode ser uma escolha assertiva para investidores, j\u00e1 que os compactos est\u00e3o com alto \u00edndice de valoriza\u00e7\u00e3o.&nbsp;<\/p>\n\n\n\n<p>Continue a leitura e saiba as vantagens de adquirir esse tipo de im\u00f3vel.&nbsp;<\/p>\n\n\n\n<p><strong>Valoriza\u00e7\u00e3o de compactos em Curitiba<\/strong><\/p>\n\n\n\n<p>Assim como em outras capitais, em Curitiba (PR), os apartamentos compactos seguem em ascens\u00e3o. <a href=\"https:\/\/imoveis.estadao.com.br\/compra\/com-avanco-de-compactos-curitiba-dobra-vendas-de-imoveis-em-uma-decada\/\">Conforme a Brain Intelig\u00eancia Estrat\u00e9gica<\/a>, o mercado imobili\u00e1rio est\u00e1 aquecido e os compactos foram grandes impulsionadores para o resultado positivo.&nbsp;<\/p>\n\n\n\n<p>Para se ter uma ideia, enquanto o mercado geral de unidades vendidas de 2015 a 2024, subiu em 140%, o mercado de compactos aumentou em 210% suas vendas. A mesma pesquisa indica que os maiores compradores desse tipo de im\u00f3vel s\u00e3o investidores.<\/p>\n\n\n\n<p>Com o mercado aquecido, h\u00e1 uma alta valoriza\u00e7\u00e3o do m\u00b2 na cidade. Desde 2015, houve aumento de 63% no valor e hoje, o pre\u00e7o m\u00e9dio est\u00e1 avaliado em cerca de R$ 12,5 mil\/m\u00b2.<\/p>\n\n\n\n<p><strong>Por que investir em im\u00f3veis compactos no centro de Curitiba?<\/strong><\/p>\n\n\n\n<p>Investir em im\u00f3veis em Curitiba apresenta muitas vantagens. A capital paranaense \u00e9 eleita uma das melhores capitais para se viver. O \u00cdndice de Desenvolvimento Humano (IDH) \u00e9 de 0,823, considerado muito alto. O \u00edndice leva em considera\u00e7\u00e3o a educa\u00e7\u00e3o, renda e longevidade da popula\u00e7\u00e3o.<\/p>\n\n\n\n<p>Segundo o <a href=\"https:\/\/ranking.connectedsmartcities.com.br\/\">Ranking Connected Smart Cities 2024<\/a>, desenvolvido pela consultoria Urban Systems, Curitiba est\u00e1 entre as cidades mais conectadas do pa\u00eds, ocupando o 4\u00ba lugar. O estudo levanta v\u00e1rios eixos tem\u00e1ticos, como mobilidade, meio ambiente, seguran\u00e7a, educa\u00e7\u00e3o e economia.<\/p>\n\n\n\n<p>Quando se olha para a regi\u00e3o central do munic\u00edpio, investir em im\u00f3veis nessa \u00e1rea pode ser ainda mais vantajoso. Os bairros da regi\u00e3o central contam com f\u00e1cil acesso a com\u00e9rcios, servi\u00e7os, transporte p\u00fablico e op\u00e7\u00f5es de lazer, como Passeio P\u00fablico, Rua 24 Horas, Feira do Largo da Ordem, Museu Oscar Niemeyer (Museu do Olho), entre outras op\u00e7\u00f5es Al\u00e9m de ser uma localiza\u00e7\u00e3o estrat\u00e9gica para outros pontos da cidade.&nbsp;<\/p>\n\n\n\n<p>Nessas \u00e1reas o mercado de im\u00f3veis segue mais aquecido que em outras regi\u00f5es. Conforme <a href=\"https:\/\/imoveis.estadao.com.br\/compra\/com-avanco-de-compactos-curitiba-dobra-vendas-de-imoveis-em-uma-decada\/\">a pesquisa da Brain Intelig\u00eancia Estrat\u00e9gica<\/a>, o centro de Curitiba \u00e9 o bairro com maior volume de lan\u00e7amentos de empreendimentos no Brasil, nos \u00faltimos tr\u00eas anos.&nbsp;<\/p>\n\n\n\n<p>E os compactos ganham bastante espa\u00e7o, j\u00e1 que aqueles que buscam praticidade em sua rotina querem funcionalidade no im\u00f3vel, aliada \u00e0 boa localiza\u00e7\u00e3o.&nbsp;<\/p>\n\n\n\n<p><strong>Core Faivre e Mor\u00e1: empreendimentos Gadens s\u00e3o \u00f3timas op\u00e7\u00f5es de investimento&nbsp;<\/strong><\/p>\n\n\n\n<p>A Gadens Incorporadora apresenta duas \u00f3timas op\u00e7\u00f5es de investimentos de apartamentos compactos: o Core Faivre e o Mor\u00e1.<\/p>\n\n\n\n<p>O Core Faivre \u00e9 um empreendimento com unidades studios a partir de 18,88 m\u00b2 e apartamentos de dois quartos com at\u00e9 37,53m\u00b2. J\u00e1 o Mor\u00e1 oferece unidades studios de 19 m\u00b2.<\/p>\n\n\n\n<p>Ambos os empreendimentos s\u00e3o perfeitos para aqueles que buscam uma rotina mais pr\u00e1tica, qualidade de vida e tudo mais acess\u00edvel. Com localiza\u00e7\u00e3o privilegiada na regi\u00e3o central de Curitiba, o empreendimento est\u00e1 pr\u00f3ximo a shoppings, pra\u00e7as, universidades e mercados.<\/p>\n\n\n\n<p>Al\u00e9m disso, tanto o Core quanto o Mor\u00e1 oferecem uma estrutura completa, proporcionando lazer e qualidade de vida aos moradores, com diversas \u00e1reas comuns como academia, sal\u00e3o de festa, pet care e espa\u00e7o pet, espa\u00e7o para mini market e outras.&nbsp;<\/p>\n\n\n\n<p><strong>Invista nos empreendimentos sem capital pr\u00f3prio&nbsp;<\/strong><\/p>\n\n\n\n<p>A Gadens Incorporadora oferece a possibilidade de financiar 100% do valor das unidades Core Faivre e Mor\u00e1, por meio do cr\u00e9dito associativo da Caixa Econ\u00f4mica Federal. Com isso, voc\u00ea pode investir o capital pr\u00f3prio em outros ativos.&nbsp;<\/p>\n","protected":false},"excerpt":{"rendered":"<p>As fam\u00edlias est\u00e3o cada vez menores, essa \u00e9 uma realidade muito consolidada. Conforme censo do Instituto Brasileiro de Geografia e Estat\u00edstica (IBGE), o n\u00famero m\u00e9dio de moradores por resid\u00eancia caiu de 3,31 em 2010 para 2,79 em 2022.&nbsp; Somando esse fator a uma rotina muito mais agitada, os apartamentos compactos s\u00e3o uma tend\u00eancia global de [&hellip;]<\/p>\n","protected":false},"author":12,"featured_media":1172,"comment_status":"open","ping_status":"open","sticky":false,"template":"","format":"standard","meta":{"footnotes":""},"categories":[1],"tags":[],"class_list":["post-1151","post","type-post","status-publish","format-standard","has-post-thumbnail","hentry","category-sem-categoria"],"acf":[],"yoast_head":"<!-- This site is optimized with the Yoast SEO plugin v27.4 - https:\/\/yoast.com\/product\/yoast-seo-wordpress\/ -->\n<title>Apartamentos compactos s\u00e3o tend\u00eancia em Curitiba - Gadens Incorporadora<\/title>\n<meta name=\"description\" content=\"Saiba por que apartamentos compactos em Curitiba s\u00e3o tend\u00eancia, com alta valoriza\u00e7\u00e3o e oportunidades de investimento nos empreendimentos Core Faivre e Mor\u00e1.\" \/>\n<meta name=\"robots\" content=\"index, follow, max-snippet:-1, max-image-preview:large, max-video-preview:-1\" \/>\n<link rel=\"canonical\" href=\"https:\/\/gadens.com.br\/_homologacao\/apartamentos-compactos-sao-tendencia-em-curitiba\/\" \/>\n<meta property=\"og:locale\" content=\"pt_BR\" \/>\n<meta property=\"og:type\" content=\"article\" \/>\n<meta property=\"og:title\" content=\"Apartamentos compactos s\u00e3o tend\u00eancia em Curitiba - Gadens Incorporadora\" \/>\n<meta property=\"og:description\" content=\"Saiba por que apartamentos compactos em Curitiba s\u00e3o tend\u00eancia, com alta valoriza\u00e7\u00e3o e oportunidades de investimento nos empreendimentos Core Faivre e Mor\u00e1.\" \/>\n<meta property=\"og:url\" content=\"https:\/\/gadens.com.br\/_homologacao\/apartamentos-compactos-sao-tendencia-em-curitiba\/\" \/>\n<meta property=\"og:site_name\" content=\"Gadens Incorporadora\" \/>\n<meta property=\"article:published_time\" content=\"2025-04-25T20:00:00+00:00\" \/>\n<meta property=\"og:image\" content=\"https:\/\/gadens.com.br\/_homologacao\/wp-content\/uploads\/2025\/04\/fachada_mora_blog-02-1-1-1024x1024.png\" \/>\n\t<meta property=\"og:image:width\" content=\"1024\" \/>\n\t<meta property=\"og:image:height\" content=\"1024\" \/>\n\t<meta property=\"og:image:type\" content=\"image\/png\" \/>\n<meta name=\"author\" content=\"Kamila Knoblauch\" \/>\n<meta name=\"twitter:card\" content=\"summary_large_image\" \/>\n<meta name=\"twitter:label1\" content=\"Escrito por\" \/>\n\t<meta name=\"twitter:data1\" content=\"Kamila Knoblauch\" \/>\n\t<meta name=\"twitter:label2\" content=\"Est. tempo de leitura\" \/>\n\t<meta name=\"twitter:data2\" content=\"4 minutos\" \/>\n<script type=\"application\/ld+json\" class=\"yoast-schema-graph\">{\"@context\":\"https:\\\/\\\/schema.org\",\"@graph\":[{\"@type\":\"Article\",\"@id\":\"https:\\\/\\\/gadens.com.br\\\/_homologacao\\\/apartamentos-compactos-sao-tendencia-em-curitiba\\\/#article\",\"isPartOf\":{\"@id\":\"https:\\\/\\\/gadens.com.br\\\/_homologacao\\\/apartamentos-compactos-sao-tendencia-em-curitiba\\\/\"},\"author\":{\"name\":\"Kamila Knoblauch\",\"@id\":\"https:\\\/\\\/gadens.com.br\\\/_homologacao\\\/#\\\/schema\\\/person\\\/608a093bc0e4f38b116453c1d00d379d\"},\"headline\":\"Apartamentos compactos s\u00e3o tend\u00eancia em Curitiba\",\"datePublished\":\"2025-04-25T20:00:00+00:00\",\"mainEntityOfPage\":{\"@id\":\"https:\\\/\\\/gadens.com.br\\\/_homologacao\\\/apartamentos-compactos-sao-tendencia-em-curitiba\\\/\"},\"wordCount\":756,\"commentCount\":0,\"image\":{\"@id\":\"https:\\\/\\\/gadens.com.br\\\/_homologacao\\\/apartamentos-compactos-sao-tendencia-em-curitiba\\\/#primaryimage\"},\"thumbnailUrl\":\"https:\\\/\\\/gadens.com.br\\\/_homologacao\\\/wp-content\\\/uploads\\\/2025\\\/04\\\/fachada_mora_blog-02-1-1.png\",\"inLanguage\":\"pt-BR\",\"potentialAction\":[{\"@type\":\"CommentAction\",\"name\":\"Comment\",\"target\":[\"https:\\\/\\\/gadens.com.br\\\/_homologacao\\\/apartamentos-compactos-sao-tendencia-em-curitiba\\\/#respond\"]}]},{\"@type\":\"WebPage\",\"@id\":\"https:\\\/\\\/gadens.com.br\\\/_homologacao\\\/apartamentos-compactos-sao-tendencia-em-curitiba\\\/\",\"url\":\"https:\\\/\\\/gadens.com.br\\\/_homologacao\\\/apartamentos-compactos-sao-tendencia-em-curitiba\\\/\",\"name\":\"Apartamentos compactos s\u00e3o tend\u00eancia em Curitiba - Gadens Incorporadora\",\"isPartOf\":{\"@id\":\"https:\\\/\\\/gadens.com.br\\\/_homologacao\\\/#website\"},\"primaryImageOfPage\":{\"@id\":\"https:\\\/\\\/gadens.com.br\\\/_homologacao\\\/apartamentos-compactos-sao-tendencia-em-curitiba\\\/#primaryimage\"},\"image\":{\"@id\":\"https:\\\/\\\/gadens.com.br\\\/_homologacao\\\/apartamentos-compactos-sao-tendencia-em-curitiba\\\/#primaryimage\"},\"thumbnailUrl\":\"https:\\\/\\\/gadens.com.br\\\/_homologacao\\\/wp-content\\\/uploads\\\/2025\\\/04\\\/fachada_mora_blog-02-1-1.png\",\"datePublished\":\"2025-04-25T20:00:00+00:00\",\"author\":{\"@id\":\"https:\\\/\\\/gadens.com.br\\\/_homologacao\\\/#\\\/schema\\\/person\\\/608a093bc0e4f38b116453c1d00d379d\"},\"description\":\"Saiba por que apartamentos compactos em Curitiba s\u00e3o tend\u00eancia, com alta valoriza\u00e7\u00e3o e oportunidades de investimento nos empreendimentos Core Faivre e Mor\u00e1.\",\"breadcrumb\":{\"@id\":\"https:\\\/\\\/gadens.com.br\\\/_homologacao\\\/apartamentos-compactos-sao-tendencia-em-curitiba\\\/#breadcrumb\"},\"inLanguage\":\"pt-BR\",\"potentialAction\":[{\"@type\":\"ReadAction\",\"target\":[\"https:\\\/\\\/gadens.com.br\\\/_homologacao\\\/apartamentos-compactos-sao-tendencia-em-curitiba\\\/\"]}]},{\"@type\":\"ImageObject\",\"inLanguage\":\"pt-BR\",\"@id\":\"https:\\\/\\\/gadens.com.br\\\/_homologacao\\\/apartamentos-compactos-sao-tendencia-em-curitiba\\\/#primaryimage\",\"url\":\"https:\\\/\\\/gadens.com.br\\\/_homologacao\\\/wp-content\\\/uploads\\\/2025\\\/04\\\/fachada_mora_blog-02-1-1.png\",\"contentUrl\":\"https:\\\/\\\/gadens.com.br\\\/_homologacao\\\/wp-content\\\/uploads\\\/2025\\\/04\\\/fachada_mora_blog-02-1-1.png\",\"width\":2500,\"height\":2500,\"caption\":\"Fachada do Mor\u00e1, empreendimento de apartamentos compactos da Gadens Incorporadora, localizado na \u00e1rea central de Curitiba.\"},{\"@type\":\"BreadcrumbList\",\"@id\":\"https:\\\/\\\/gadens.com.br\\\/_homologacao\\\/apartamentos-compactos-sao-tendencia-em-curitiba\\\/#breadcrumb\",\"itemListElement\":[{\"@type\":\"ListItem\",\"position\":1,\"name\":\"In\u00edcio\",\"item\":\"https:\\\/\\\/gadens.com.br\\\/_homologacao\\\/\"},{\"@type\":\"ListItem\",\"position\":2,\"name\":\"Apartamentos compactos s\u00e3o tend\u00eancia em Curitiba\"}]},{\"@type\":\"WebSite\",\"@id\":\"https:\\\/\\\/gadens.com.br\\\/_homologacao\\\/#website\",\"url\":\"https:\\\/\\\/gadens.com.br\\\/_homologacao\\\/\",\"name\":\"Gadens Incorporadora\",\"description\":\"\",\"potentialAction\":[{\"@type\":\"SearchAction\",\"target\":{\"@type\":\"EntryPoint\",\"urlTemplate\":\"https:\\\/\\\/gadens.com.br\\\/_homologacao\\\/?s={search_term_string}\"},\"query-input\":{\"@type\":\"PropertyValueSpecification\",\"valueRequired\":true,\"valueName\":\"search_term_string\"}}],\"inLanguage\":\"pt-BR\"},{\"@type\":\"Person\",\"@id\":\"https:\\\/\\\/gadens.com.br\\\/_homologacao\\\/#\\\/schema\\\/person\\\/608a093bc0e4f38b116453c1d00d379d\",\"name\":\"Kamila Knoblauch\",\"image\":{\"@type\":\"ImageObject\",\"inLanguage\":\"pt-BR\",\"@id\":\"https:\\\/\\\/secure.gravatar.com\\\/avatar\\\/369f0c7be13bc66c6939078955e7e86ff0b4a0873be0c6a4fcf076ef5247d5fb?s=96&d=mm&r=g\",\"url\":\"https:\\\/\\\/secure.gravatar.com\\\/avatar\\\/369f0c7be13bc66c6939078955e7e86ff0b4a0873be0c6a4fcf076ef5247d5fb?s=96&d=mm&r=g\",\"contentUrl\":\"https:\\\/\\\/secure.gravatar.com\\\/avatar\\\/369f0c7be13bc66c6939078955e7e86ff0b4a0873be0c6a4fcf076ef5247d5fb?s=96&d=mm&r=g\",\"caption\":\"Kamila Knoblauch\"},\"url\":\"https:\\\/\\\/gadens.com.br\\\/_homologacao\\\/author\\\/kamila\\\/\"}]}<\/script>\n<!-- \/ Yoast SEO plugin. -->","yoast_head_json":{"title":"Apartamentos compactos s\u00e3o tend\u00eancia em Curitiba - Gadens Incorporadora","description":"Saiba por que apartamentos compactos em Curitiba s\u00e3o tend\u00eancia, com alta valoriza\u00e7\u00e3o e oportunidades de investimento nos empreendimentos Core Faivre e Mor\u00e1.","robots":{"index":"index","follow":"follow","max-snippet":"max-snippet:-1","max-image-preview":"max-image-preview:large","max-video-preview":"max-video-preview:-1"},"canonical":"https:\/\/gadens.com.br\/_homologacao\/apartamentos-compactos-sao-tendencia-em-curitiba\/","og_locale":"pt_BR","og_type":"article","og_title":"Apartamentos compactos s\u00e3o tend\u00eancia em Curitiba - Gadens Incorporadora","og_description":"Saiba por que apartamentos compactos em Curitiba s\u00e3o tend\u00eancia, com alta valoriza\u00e7\u00e3o e oportunidades de investimento nos empreendimentos Core Faivre e Mor\u00e1.","og_url":"https:\/\/gadens.com.br\/_homologacao\/apartamentos-compactos-sao-tendencia-em-curitiba\/","og_site_name":"Gadens Incorporadora","article_published_time":"2025-04-25T20:00:00+00:00","og_image":[{"width":1024,"height":1024,"url":"https:\/\/gadens.com.br\/_homologacao\/wp-content\/uploads\/2025\/04\/fachada_mora_blog-02-1-1-1024x1024.png","type":"image\/png"}],"author":"Kamila Knoblauch","twitter_card":"summary_large_image","twitter_misc":{"Escrito por":"Kamila Knoblauch","Est. tempo de leitura":"4 minutos"},"schema":{"@context":"https:\/\/schema.org","@graph":[{"@type":"Article","@id":"https:\/\/gadens.com.br\/_homologacao\/apartamentos-compactos-sao-tendencia-em-curitiba\/#article","isPartOf":{"@id":"https:\/\/gadens.com.br\/_homologacao\/apartamentos-compactos-sao-tendencia-em-curitiba\/"},"author":{"name":"Kamila Knoblauch","@id":"https:\/\/gadens.com.br\/_homologacao\/#\/schema\/person\/608a093bc0e4f38b116453c1d00d379d"},"headline":"Apartamentos compactos s\u00e3o tend\u00eancia em Curitiba","datePublished":"2025-04-25T20:00:00+00:00","mainEntityOfPage":{"@id":"https:\/\/gadens.com.br\/_homologacao\/apartamentos-compactos-sao-tendencia-em-curitiba\/"},"wordCount":756,"commentCount":0,"image":{"@id":"https:\/\/gadens.com.br\/_homologacao\/apartamentos-compactos-sao-tendencia-em-curitiba\/#primaryimage"},"thumbnailUrl":"https:\/\/gadens.com.br\/_homologacao\/wp-content\/uploads\/2025\/04\/fachada_mora_blog-02-1-1.png","inLanguage":"pt-BR","potentialAction":[{"@type":"CommentAction","name":"Comment","target":["https:\/\/gadens.com.br\/_homologacao\/apartamentos-compactos-sao-tendencia-em-curitiba\/#respond"]}]},{"@type":"WebPage","@id":"https:\/\/gadens.com.br\/_homologacao\/apartamentos-compactos-sao-tendencia-em-curitiba\/","url":"https:\/\/gadens.com.br\/_homologacao\/apartamentos-compactos-sao-tendencia-em-curitiba\/","name":"Apartamentos compactos s\u00e3o tend\u00eancia em Curitiba - Gadens Incorporadora","isPartOf":{"@id":"https:\/\/gadens.com.br\/_homologacao\/#website"},"primaryImageOfPage":{"@id":"https:\/\/gadens.com.br\/_homologacao\/apartamentos-compactos-sao-tendencia-em-curitiba\/#primaryimage"},"image":{"@id":"https:\/\/gadens.com.br\/_homologacao\/apartamentos-compactos-sao-tendencia-em-curitiba\/#primaryimage"},"thumbnailUrl":"https:\/\/gadens.com.br\/_homologacao\/wp-content\/uploads\/2025\/04\/fachada_mora_blog-02-1-1.png","datePublished":"2025-04-25T20:00:00+00:00","author":{"@id":"https:\/\/gadens.com.br\/_homologacao\/#\/schema\/person\/608a093bc0e4f38b116453c1d00d379d"},"description":"Saiba por que apartamentos compactos em Curitiba s\u00e3o tend\u00eancia, com alta valoriza\u00e7\u00e3o e oportunidades de investimento nos empreendimentos Core Faivre e Mor\u00e1.","breadcrumb":{"@id":"https:\/\/gadens.com.br\/_homologacao\/apartamentos-compactos-sao-tendencia-em-curitiba\/#breadcrumb"},"inLanguage":"pt-BR","potentialAction":[{"@type":"ReadAction","target":["https:\/\/gadens.com.br\/_homologacao\/apartamentos-compactos-sao-tendencia-em-curitiba\/"]}]},{"@type":"ImageObject","inLanguage":"pt-BR","@id":"https:\/\/gadens.com.br\/_homologacao\/apartamentos-compactos-sao-tendencia-em-curitiba\/#primaryimage","url":"https:\/\/gadens.com.br\/_homologacao\/wp-content\/uploads\/2025\/04\/fachada_mora_blog-02-1-1.png","contentUrl":"https:\/\/gadens.com.br\/_homologacao\/wp-content\/uploads\/2025\/04\/fachada_mora_blog-02-1-1.png","width":2500,"height":2500,"caption":"Fachada do Mor\u00e1, empreendimento de apartamentos compactos da Gadens Incorporadora, localizado na \u00e1rea central de Curitiba."},{"@type":"BreadcrumbList","@id":"https:\/\/gadens.com.br\/_homologacao\/apartamentos-compactos-sao-tendencia-em-curitiba\/#breadcrumb","itemListElement":[{"@type":"ListItem","position":1,"name":"In\u00edcio","item":"https:\/\/gadens.com.br\/_homologacao\/"},{"@type":"ListItem","position":2,"name":"Apartamentos compactos s\u00e3o tend\u00eancia em Curitiba"}]},{"@type":"WebSite","@id":"https:\/\/gadens.com.br\/_homologacao\/#website","url":"https:\/\/gadens.com.br\/_homologacao\/","name":"Gadens Incorporadora","description":"","potentialAction":[{"@type":"SearchAction","target":{"@type":"EntryPoint","urlTemplate":"https:\/\/gadens.com.br\/_homologacao\/?s={search_term_string}"},"query-input":{"@type":"PropertyValueSpecification","valueRequired":true,"valueName":"search_term_string"}}],"inLanguage":"pt-BR"},{"@type":"Person","@id":"https:\/\/gadens.com.br\/_homologacao\/#\/schema\/person\/608a093bc0e4f38b116453c1d00d379d","name":"Kamila Knoblauch","image":{"@type":"ImageObject","inLanguage":"pt-BR","@id":"https:\/\/secure.gravatar.com\/avatar\/369f0c7be13bc66c6939078955e7e86ff0b4a0873be0c6a4fcf076ef5247d5fb?s=96&d=mm&r=g","url":"https:\/\/secure.gravatar.com\/avatar\/369f0c7be13bc66c6939078955e7e86ff0b4a0873be0c6a4fcf076ef5247d5fb?s=96&d=mm&r=g","contentUrl":"https:\/\/secure.gravatar.com\/avatar\/369f0c7be13bc66c6939078955e7e86ff0b4a0873be0c6a4fcf076ef5247d5fb?s=96&d=mm&r=g","caption":"Kamila Knoblauch"},"url":"https:\/\/gadens.com.br\/_homologacao\/author\/kamila\/"}]}},"_links":{"self":[{"href":"https:\/\/gadens.com.br\/_homologacao\/wp-json\/wp\/v2\/posts\/1151","targetHints":{"allow":["GET"]}}],"collection":[{"href":"https:\/\/gadens.com.br\/_homologacao\/wp-json\/wp\/v2\/posts"}],"about":[{"href":"https:\/\/gadens.com.br\/_homologacao\/wp-json\/wp\/v2\/types\/post"}],"author":[{"embeddable":true,"href":"https:\/\/gadens.com.br\/_homologacao\/wp-json\/wp\/v2\/users\/12"}],"replies":[{"embeddable":true,"href":"https:\/\/gadens.com.br\/_homologacao\/wp-json\/wp\/v2\/comments?post=1151"}],"version-history":[{"count":7,"href":"https:\/\/gadens.com.br\/_homologacao\/wp-json\/wp\/v2\/posts\/1151\/revisions"}],"predecessor-version":[{"id":1168,"href":"https:\/\/gadens.com.br\/_homologacao\/wp-json\/wp\/v2\/posts\/1151\/revisions\/1168"}],"wp:featuredmedia":[{"embeddable":true,"href":"https:\/\/gadens.com.br\/_homologacao\/wp-json\/wp\/v2\/media\/1172"}],"wp:attachment":[{"href":"https:\/\/gadens.com.br\/_homologacao\/wp-json\/wp\/v2\/media?parent=1151"}],"wp:term":[{"taxonomy":"category","embeddable":true,"href":"https:\/\/gadens.com.br\/_homologacao\/wp-json\/wp\/v2\/categories?post=1151"},{"taxonomy":"post_tag","embeddable":true,"href":"https:\/\/gadens.com.br\/_homologacao\/wp-json\/wp\/v2\/tags?post=1151"}],"curies":[{"name":"wp","href":"https:\/\/api.w.org\/{rel}","templated":true}]}}