{"id":122,"date":"2022-08-08T10:00:42","date_gmt":"2022-08-08T13:00:42","guid":{"rendered":"https:\/\/www.gadens.com.br\/?p=122"},"modified":"2022-09-12T15:23:53","modified_gmt":"2022-09-12T18:23:53","slug":"gadens-incorporadora-lanca-o-lille-seu-primeiro-empreendimento-de-alto-padrao-em-curitiba-na-vila-izabel","status":"publish","type":"post","link":"https:\/\/gadens.com.br\/_homologacao\/gadens-incorporadora-lanca-o-lille-seu-primeiro-empreendimento-de-alto-padrao-em-curitiba-na-vila-izabel\/","title":{"rendered":"Gadens Incorporadora lan\u00e7a o Lill\u00e9, seu primeiro empreendimento de alto padr\u00e3o em Curitiba, na Vila Izabel"},"content":{"rendered":"\n<p>Um empreendimento com poucas unidades, arquitetura contempor\u00e2nea, infraestrutura funcional e itens de acabamento refinados, para atender os jovens casais e fam\u00edlias que buscam o segundo im\u00f3vel. Essa \u00e9 a proposta do Lill\u00e9, primeiro empreendimento com acabamentos de alto padr\u00e3o da Gadens Incorporadora em Curitiba, que ser\u00e1 constru\u00eddo na Vila Izabel, a 5 minutos do Festval do \u00c1gua Verde, com entrega prevista para o primeiro trimestre de 2021.<\/p>\n\n\n\n<p>O diretor de incorpora\u00e7\u00e3o da Gadens Incorporadora, Thiago Gadens, revela o porqu\u00ea a empresa escolheu a regi\u00e3o para fazer a sua estreia no alto padr\u00e3o. \u201cEsse \u00e9 um bairro residencial, onde as pessoas caminham pelas cal\u00e7adas, conversam umas com as outras e prestigiam o com\u00e9rcio local. Nossa premissa \u00e9 construir em localiza\u00e7\u00f5es privilegiadas e essa o \u00e9, pois, al\u00e9m de ter uma infraestrutura completa de com\u00e9rcio e servi\u00e7os, est\u00e1 pr\u00f3xima a toda conveni\u00eancia dos bairros vizinhos\u201d, comenta.<\/p>\n\n\n\n<p>O empreendimento ter\u00e1 torre \u00fanica com apenas 35 apartamentos, todos com sacada gourmet (com churrasqueira a carv\u00e3o e pia de apoio), exceto nas unidades duplex, que contam com churrasqueira interna, e 9 tipos de plantas. Do total, 15 ser\u00e3o apartamentos com 2 quartos (com su\u00edte), de 65,76 e 75,04 m\u00b2 privativos. Outros 10 apartamentos ser\u00e3o de 3 quartos (com su\u00edte) e \u00e1rea privativa de 90,02 m\u00b2.<\/p>\n\n\n\n<p>O Lill\u00e9 ter\u00e1 ainda 5 gardens elevados, com 2 quartos (com su\u00edte) e \u00e1rea privativa de 65,76 e 76,29 m\u00b2 (mais terra\u00e7o exclusivo de at\u00e9 20,92 m\u00b2) e com 3 quartos (com su\u00edte) e \u00e1rea privativa de 90,02 m\u00b2, mais terra\u00e7o exclusivo de 26,64 m\u00b2.<\/p>\n\n\n\n<p>Ainda, haver\u00e1 5 coberturas duplex com 3 quartos (com su\u00edte), \u00e1rea privativa de 112,45 a 133,92 m\u00b2, mais terra\u00e7o exclusivo de 22,62 a 51,34 m\u00b2. \u201cAs coberturas ter\u00e3o op\u00e7\u00f5es de plantas, como escada em U ou linear e lavanderia estendida ou com roupeiro\u201d, destaca o diretor da Gadens Incorporadora. Haver\u00e1 1 ou 2 vagas de garagem por unidade.<\/p>\n\n\n\n<p>A arquitetura contempor\u00e2nea \u00e9 caracterizada por linhas retas e por uma paleta de cores s\u00f3bria. O empreendimento tamb\u00e9m traz em seu nome uma refer\u00eancia europeia. \u201cLill\u00e9 \u00e9 uma cidade situada ao Norte da Fran\u00e7a, com ruelas intimistas, ares de cidade do interior e, ao mesmo tempo, muita conveni\u00eancia, lembrando muito a localiza\u00e7\u00e3o do empreendimento\u201d, ressalta Thiago.<\/p>\n\n\n\n<p>A infraestrutura funcional se faz presente na diversidade de espa\u00e7os de lazer, que foram escolhidos por meio de pesquisa de prefer\u00eancia junto aos consumidores, de forma que tenham usabilidade e n\u00e3o onerem a taxa de condom\u00ednio, distribu\u00eddos tanto na \u00e1rea coberta, quanto na descoberta.<\/p>\n\n\n\n<p>Na primeira, est\u00e3o sal\u00e3o de festas com espa\u00e7o gourmet, sala de jogos, espa\u00e7o kids, espa\u00e7o fitness e biciclet\u00e1rio. A \u00e1rea descoberta compreende jardim, lounge externo, playground, meia quadra com trave de futebol e tabela de basquete e mais um biciclet\u00e1rio. \u201cTodos os espa\u00e7os ser\u00e3o entregues equipados, decorados e mobiliados\u201d, comenta Thiago.<\/p>\n\n\n\n<p>A empresa vai entregar os im\u00f3veis com uma s\u00e9rie de itens de acabamentos de alto padr\u00e3o que se diferenciam da concorr\u00eancia, como ponto para triturador de alimentos na pia da cozinha, ponto de hidr\u00e1ulica para geladeira, ponto para desemba\u00e7ador de espelho nas bancadas de banheiros, tratamento ac\u00fastico no ralo das unidades e atenua\u00e7\u00e3o ac\u00fastica entre as lajes dos apartamentos.<\/p>\n\n\n\n<p>\u201cOs apartamentos tamb\u00e9m ser\u00e3o entregues com infraestrutura para ar-condicionado, guarda corpo na sacada em vidro laminado, venezianas integradas nos quartos e forro em gesso em todo o apartamento. Esse pacote de acabamento vai proporcionar um b\u00f4nus de R$ 12 mil a R$ 18 mil ao comprador, valor que ele poder\u00e1 usar na decora\u00e7\u00e3o do seu novo im\u00f3vel\u201d, comenta Thiago. O Lill\u00e9 ter\u00e1 um Volume Geral de Vendas (VGV) estimado em R$ 22 milh\u00f5es.<\/p>\n","protected":false},"excerpt":{"rendered":"<p>Um empreendimento com poucas unidades, arquitetura contempor\u00e2nea, infraestrutura funcional e itens de acabamento refinados, para atender os jovens casais e fam\u00edlias que buscam o segundo im\u00f3vel. Essa \u00e9 a proposta do Lill\u00e9, primeiro empreendimento com acabamentos de alto padr\u00e3o da Gadens Incorporadora em Curitiba, que ser\u00e1 constru\u00eddo na Vila Izabel, a 5 minutos do Festval [&hellip;]<\/p>\n","protected":false},"author":3,"featured_media":433,"comment_status":"open","ping_status":"open","sticky":false,"template":"","format":"standard","meta":{"footnotes":""},"categories":[1],"tags":[],"class_list":["post-122","post","type-post","status-publish","format-standard","has-post-thumbnail","hentry","category-sem-categoria"],"acf":[],"yoast_head":"<!-- This site is optimized with the Yoast SEO plugin v27.4 - https:\/\/yoast.com\/product\/yoast-seo-wordpress\/ -->\n<title>Gadens Incorporadora lan\u00e7a o Lill\u00e9, seu primeiro empreendimento de alto padr\u00e3o em Curitiba, na Vila Izabel - Gadens Incorporadora<\/title>\n<meta name=\"robots\" content=\"index, follow, max-snippet:-1, max-image-preview:large, max-video-preview:-1\" \/>\n<link rel=\"canonical\" href=\"https:\/\/gadens.com.br\/_homologacao\/gadens-incorporadora-lanca-o-lille-seu-primeiro-empreendimento-de-alto-padrao-em-curitiba-na-vila-izabel\/\" \/>\n<meta property=\"og:locale\" content=\"pt_BR\" \/>\n<meta property=\"og:type\" content=\"article\" \/>\n<meta property=\"og:title\" content=\"Gadens Incorporadora lan\u00e7a o Lill\u00e9, seu primeiro empreendimento de alto padr\u00e3o em Curitiba, na Vila Izabel - Gadens Incorporadora\" \/>\n<meta property=\"og:description\" content=\"Um empreendimento com poucas unidades, arquitetura contempor\u00e2nea, infraestrutura funcional e itens de acabamento refinados, para atender os jovens casais e fam\u00edlias que buscam o segundo im\u00f3vel. Essa \u00e9 a proposta do Lill\u00e9, primeiro empreendimento com acabamentos de alto padr\u00e3o da Gadens Incorporadora em Curitiba, que ser\u00e1 constru\u00eddo na Vila Izabel, a 5 minutos do Festval [&hellip;]\" \/>\n<meta property=\"og:url\" content=\"https:\/\/gadens.com.br\/_homologacao\/gadens-incorporadora-lanca-o-lille-seu-primeiro-empreendimento-de-alto-padrao-em-curitiba-na-vila-izabel\/\" \/>\n<meta property=\"og:site_name\" content=\"Gadens Incorporadora\" \/>\n<meta property=\"article:published_time\" content=\"2022-08-08T13:00:42+00:00\" \/>\n<meta property=\"article:modified_time\" content=\"2022-09-12T18:23:53+00:00\" \/>\n<meta property=\"og:image\" content=\"https:\/\/gadens.com.br\/_homologacao\/wp-content\/uploads\/2022\/08\/ext_fachada_noturna.jpg\" \/>\n\t<meta property=\"og:image:width\" content=\"1200\" \/>\n\t<meta property=\"og:image:height\" content=\"1200\" \/>\n\t<meta property=\"og:image:type\" content=\"image\/jpeg\" \/>\n<meta name=\"author\" content=\"Everton\" \/>\n<meta name=\"twitter:card\" content=\"summary_large_image\" \/>\n<meta name=\"twitter:label1\" content=\"Escrito por\" \/>\n\t<meta name=\"twitter:data1\" content=\"Everton\" \/>\n\t<meta name=\"twitter:label2\" content=\"Est. tempo de leitura\" \/>\n\t<meta name=\"twitter:data2\" content=\"4 minutos\" \/>\n<script type=\"application\/ld+json\" class=\"yoast-schema-graph\">{\"@context\":\"https:\\\/\\\/schema.org\",\"@graph\":[{\"@type\":\"Article\",\"@id\":\"https:\\\/\\\/gadens.com.br\\\/_homologacao\\\/gadens-incorporadora-lanca-o-lille-seu-primeiro-empreendimento-de-alto-padrao-em-curitiba-na-vila-izabel\\\/#article\",\"isPartOf\":{\"@id\":\"https:\\\/\\\/gadens.com.br\\\/_homologacao\\\/gadens-incorporadora-lanca-o-lille-seu-primeiro-empreendimento-de-alto-padrao-em-curitiba-na-vila-izabel\\\/\"},\"author\":{\"name\":\"Everton\",\"@id\":\"https:\\\/\\\/gadens.com.br\\\/_homologacao\\\/#\\\/schema\\\/person\\\/d11a1409c2e9d9f363dafd5892908d99\"},\"headline\":\"Gadens Incorporadora lan\u00e7a o Lill\u00e9, seu primeiro empreendimento de alto padr\u00e3o em Curitiba, na Vila Izabel\",\"datePublished\":\"2022-08-08T13:00:42+00:00\",\"dateModified\":\"2022-09-12T18:23:53+00:00\",\"mainEntityOfPage\":{\"@id\":\"https:\\\/\\\/gadens.com.br\\\/_homologacao\\\/gadens-incorporadora-lanca-o-lille-seu-primeiro-empreendimento-de-alto-padrao-em-curitiba-na-vila-izabel\\\/\"},\"wordCount\":643,\"commentCount\":0,\"image\":{\"@id\":\"https:\\\/\\\/gadens.com.br\\\/_homologacao\\\/gadens-incorporadora-lanca-o-lille-seu-primeiro-empreendimento-de-alto-padrao-em-curitiba-na-vila-izabel\\\/#primaryimage\"},\"thumbnailUrl\":\"https:\\\/\\\/gadens.com.br\\\/_homologacao\\\/wp-content\\\/uploads\\\/2022\\\/08\\\/ext_fachada_noturna.jpg\",\"inLanguage\":\"pt-BR\",\"potentialAction\":[{\"@type\":\"CommentAction\",\"name\":\"Comment\",\"target\":[\"https:\\\/\\\/gadens.com.br\\\/_homologacao\\\/gadens-incorporadora-lanca-o-lille-seu-primeiro-empreendimento-de-alto-padrao-em-curitiba-na-vila-izabel\\\/#respond\"]}]},{\"@type\":\"WebPage\",\"@id\":\"https:\\\/\\\/gadens.com.br\\\/_homologacao\\\/gadens-incorporadora-lanca-o-lille-seu-primeiro-empreendimento-de-alto-padrao-em-curitiba-na-vila-izabel\\\/\",\"url\":\"https:\\\/\\\/gadens.com.br\\\/_homologacao\\\/gadens-incorporadora-lanca-o-lille-seu-primeiro-empreendimento-de-alto-padrao-em-curitiba-na-vila-izabel\\\/\",\"name\":\"Gadens Incorporadora lan\u00e7a o Lill\u00e9, seu primeiro empreendimento de alto padr\u00e3o em Curitiba, na Vila Izabel - Gadens Incorporadora\",\"isPartOf\":{\"@id\":\"https:\\\/\\\/gadens.com.br\\\/_homologacao\\\/#website\"},\"primaryImageOfPage\":{\"@id\":\"https:\\\/\\\/gadens.com.br\\\/_homologacao\\\/gadens-incorporadora-lanca-o-lille-seu-primeiro-empreendimento-de-alto-padrao-em-curitiba-na-vila-izabel\\\/#primaryimage\"},\"image\":{\"@id\":\"https:\\\/\\\/gadens.com.br\\\/_homologacao\\\/gadens-incorporadora-lanca-o-lille-seu-primeiro-empreendimento-de-alto-padrao-em-curitiba-na-vila-izabel\\\/#primaryimage\"},\"thumbnailUrl\":\"https:\\\/\\\/gadens.com.br\\\/_homologacao\\\/wp-content\\\/uploads\\\/2022\\\/08\\\/ext_fachada_noturna.jpg\",\"datePublished\":\"2022-08-08T13:00:42+00:00\",\"dateModified\":\"2022-09-12T18:23:53+00:00\",\"author\":{\"@id\":\"https:\\\/\\\/gadens.com.br\\\/_homologacao\\\/#\\\/schema\\\/person\\\/d11a1409c2e9d9f363dafd5892908d99\"},\"breadcrumb\":{\"@id\":\"https:\\\/\\\/gadens.com.br\\\/_homologacao\\\/gadens-incorporadora-lanca-o-lille-seu-primeiro-empreendimento-de-alto-padrao-em-curitiba-na-vila-izabel\\\/#breadcrumb\"},\"inLanguage\":\"pt-BR\",\"potentialAction\":[{\"@type\":\"ReadAction\",\"target\":[\"https:\\\/\\\/gadens.com.br\\\/_homologacao\\\/gadens-incorporadora-lanca-o-lille-seu-primeiro-empreendimento-de-alto-padrao-em-curitiba-na-vila-izabel\\\/\"]}]},{\"@type\":\"ImageObject\",\"inLanguage\":\"pt-BR\",\"@id\":\"https:\\\/\\\/gadens.com.br\\\/_homologacao\\\/gadens-incorporadora-lanca-o-lille-seu-primeiro-empreendimento-de-alto-padrao-em-curitiba-na-vila-izabel\\\/#primaryimage\",\"url\":\"https:\\\/\\\/gadens.com.br\\\/_homologacao\\\/wp-content\\\/uploads\\\/2022\\\/08\\\/ext_fachada_noturna.jpg\",\"contentUrl\":\"https:\\\/\\\/gadens.com.br\\\/_homologacao\\\/wp-content\\\/uploads\\\/2022\\\/08\\\/ext_fachada_noturna.jpg\",\"width\":1200,\"height\":1200},{\"@type\":\"BreadcrumbList\",\"@id\":\"https:\\\/\\\/gadens.com.br\\\/_homologacao\\\/gadens-incorporadora-lanca-o-lille-seu-primeiro-empreendimento-de-alto-padrao-em-curitiba-na-vila-izabel\\\/#breadcrumb\",\"itemListElement\":[{\"@type\":\"ListItem\",\"position\":1,\"name\":\"In\u00edcio\",\"item\":\"https:\\\/\\\/gadens.com.br\\\/_homologacao\\\/\"},{\"@type\":\"ListItem\",\"position\":2,\"name\":\"Gadens Incorporadora lan\u00e7a o Lill\u00e9, seu primeiro empreendimento de alto padr\u00e3o em Curitiba, na Vila Izabel\"}]},{\"@type\":\"WebSite\",\"@id\":\"https:\\\/\\\/gadens.com.br\\\/_homologacao\\\/#website\",\"url\":\"https:\\\/\\\/gadens.com.br\\\/_homologacao\\\/\",\"name\":\"Gadens Incorporadora\",\"description\":\"\",\"potentialAction\":[{\"@type\":\"SearchAction\",\"target\":{\"@type\":\"EntryPoint\",\"urlTemplate\":\"https:\\\/\\\/gadens.com.br\\\/_homologacao\\\/?s={search_term_string}\"},\"query-input\":{\"@type\":\"PropertyValueSpecification\",\"valueRequired\":true,\"valueName\":\"search_term_string\"}}],\"inLanguage\":\"pt-BR\"},{\"@type\":\"Person\",\"@id\":\"https:\\\/\\\/gadens.com.br\\\/_homologacao\\\/#\\\/schema\\\/person\\\/d11a1409c2e9d9f363dafd5892908d99\",\"name\":\"Everton\",\"image\":{\"@type\":\"ImageObject\",\"inLanguage\":\"pt-BR\",\"@id\":\"https:\\\/\\\/secure.gravatar.com\\\/avatar\\\/2624c7260dbfb769c23e45c371e9446f8d05debec3d8ba526ef2e79d6088e834?s=96&d=mm&r=g\",\"url\":\"https:\\\/\\\/secure.gravatar.com\\\/avatar\\\/2624c7260dbfb769c23e45c371e9446f8d05debec3d8ba526ef2e79d6088e834?s=96&d=mm&r=g\",\"contentUrl\":\"https:\\\/\\\/secure.gravatar.com\\\/avatar\\\/2624c7260dbfb769c23e45c371e9446f8d05debec3d8ba526ef2e79d6088e834?s=96&d=mm&r=g\",\"caption\":\"Everton\"},\"url\":\"https:\\\/\\\/gadens.com.br\\\/_homologacao\\\/author\\\/gadens\\\/\"}]}<\/script>\n<!-- \/ Yoast SEO plugin. -->","yoast_head_json":{"title":"Gadens Incorporadora lan\u00e7a o Lill\u00e9, seu primeiro empreendimento de alto padr\u00e3o em Curitiba, na Vila Izabel - Gadens Incorporadora","robots":{"index":"index","follow":"follow","max-snippet":"max-snippet:-1","max-image-preview":"max-image-preview:large","max-video-preview":"max-video-preview:-1"},"canonical":"https:\/\/gadens.com.br\/_homologacao\/gadens-incorporadora-lanca-o-lille-seu-primeiro-empreendimento-de-alto-padrao-em-curitiba-na-vila-izabel\/","og_locale":"pt_BR","og_type":"article","og_title":"Gadens Incorporadora lan\u00e7a o Lill\u00e9, seu primeiro empreendimento de alto padr\u00e3o em Curitiba, na Vila Izabel - Gadens Incorporadora","og_description":"Um empreendimento com poucas unidades, arquitetura contempor\u00e2nea, infraestrutura funcional e itens de acabamento refinados, para atender os jovens casais e fam\u00edlias que buscam o segundo im\u00f3vel. Essa \u00e9 a proposta do Lill\u00e9, primeiro empreendimento com acabamentos de alto padr\u00e3o da Gadens Incorporadora em Curitiba, que ser\u00e1 constru\u00eddo na Vila Izabel, a 5 minutos do Festval [&hellip;]","og_url":"https:\/\/gadens.com.br\/_homologacao\/gadens-incorporadora-lanca-o-lille-seu-primeiro-empreendimento-de-alto-padrao-em-curitiba-na-vila-izabel\/","og_site_name":"Gadens Incorporadora","article_published_time":"2022-08-08T13:00:42+00:00","article_modified_time":"2022-09-12T18:23:53+00:00","og_image":[{"width":1200,"height":1200,"url":"https:\/\/gadens.com.br\/_homologacao\/wp-content\/uploads\/2022\/08\/ext_fachada_noturna.jpg","type":"image\/jpeg"}],"author":"Everton","twitter_card":"summary_large_image","twitter_misc":{"Escrito por":"Everton","Est. tempo de leitura":"4 minutos"},"schema":{"@context":"https:\/\/schema.org","@graph":[{"@type":"Article","@id":"https:\/\/gadens.com.br\/_homologacao\/gadens-incorporadora-lanca-o-lille-seu-primeiro-empreendimento-de-alto-padrao-em-curitiba-na-vila-izabel\/#article","isPartOf":{"@id":"https:\/\/gadens.com.br\/_homologacao\/gadens-incorporadora-lanca-o-lille-seu-primeiro-empreendimento-de-alto-padrao-em-curitiba-na-vila-izabel\/"},"author":{"name":"Everton","@id":"https:\/\/gadens.com.br\/_homologacao\/#\/schema\/person\/d11a1409c2e9d9f363dafd5892908d99"},"headline":"Gadens Incorporadora lan\u00e7a o Lill\u00e9, seu primeiro empreendimento de alto padr\u00e3o em Curitiba, na Vila Izabel","datePublished":"2022-08-08T13:00:42+00:00","dateModified":"2022-09-12T18:23:53+00:00","mainEntityOfPage":{"@id":"https:\/\/gadens.com.br\/_homologacao\/gadens-incorporadora-lanca-o-lille-seu-primeiro-empreendimento-de-alto-padrao-em-curitiba-na-vila-izabel\/"},"wordCount":643,"commentCount":0,"image":{"@id":"https:\/\/gadens.com.br\/_homologacao\/gadens-incorporadora-lanca-o-lille-seu-primeiro-empreendimento-de-alto-padrao-em-curitiba-na-vila-izabel\/#primaryimage"},"thumbnailUrl":"https:\/\/gadens.com.br\/_homologacao\/wp-content\/uploads\/2022\/08\/ext_fachada_noturna.jpg","inLanguage":"pt-BR","potentialAction":[{"@type":"CommentAction","name":"Comment","target":["https:\/\/gadens.com.br\/_homologacao\/gadens-incorporadora-lanca-o-lille-seu-primeiro-empreendimento-de-alto-padrao-em-curitiba-na-vila-izabel\/#respond"]}]},{"@type":"WebPage","@id":"https:\/\/gadens.com.br\/_homologacao\/gadens-incorporadora-lanca-o-lille-seu-primeiro-empreendimento-de-alto-padrao-em-curitiba-na-vila-izabel\/","url":"https:\/\/gadens.com.br\/_homologacao\/gadens-incorporadora-lanca-o-lille-seu-primeiro-empreendimento-de-alto-padrao-em-curitiba-na-vila-izabel\/","name":"Gadens Incorporadora lan\u00e7a o Lill\u00e9, seu primeiro empreendimento de alto padr\u00e3o em Curitiba, na Vila Izabel - Gadens Incorporadora","isPartOf":{"@id":"https:\/\/gadens.com.br\/_homologacao\/#website"},"primaryImageOfPage":{"@id":"https:\/\/gadens.com.br\/_homologacao\/gadens-incorporadora-lanca-o-lille-seu-primeiro-empreendimento-de-alto-padrao-em-curitiba-na-vila-izabel\/#primaryimage"},"image":{"@id":"https:\/\/gadens.com.br\/_homologacao\/gadens-incorporadora-lanca-o-lille-seu-primeiro-empreendimento-de-alto-padrao-em-curitiba-na-vila-izabel\/#primaryimage"},"thumbnailUrl":"https:\/\/gadens.com.br\/_homologacao\/wp-content\/uploads\/2022\/08\/ext_fachada_noturna.jpg","datePublished":"2022-08-08T13:00:42+00:00","dateModified":"2022-09-12T18:23:53+00:00","author":{"@id":"https:\/\/gadens.com.br\/_homologacao\/#\/schema\/person\/d11a1409c2e9d9f363dafd5892908d99"},"breadcrumb":{"@id":"https:\/\/gadens.com.br\/_homologacao\/gadens-incorporadora-lanca-o-lille-seu-primeiro-empreendimento-de-alto-padrao-em-curitiba-na-vila-izabel\/#breadcrumb"},"inLanguage":"pt-BR","potentialAction":[{"@type":"ReadAction","target":["https:\/\/gadens.com.br\/_homologacao\/gadens-incorporadora-lanca-o-lille-seu-primeiro-empreendimento-de-alto-padrao-em-curitiba-na-vila-izabel\/"]}]},{"@type":"ImageObject","inLanguage":"pt-BR","@id":"https:\/\/gadens.com.br\/_homologacao\/gadens-incorporadora-lanca-o-lille-seu-primeiro-empreendimento-de-alto-padrao-em-curitiba-na-vila-izabel\/#primaryimage","url":"https:\/\/gadens.com.br\/_homologacao\/wp-content\/uploads\/2022\/08\/ext_fachada_noturna.jpg","contentUrl":"https:\/\/gadens.com.br\/_homologacao\/wp-content\/uploads\/2022\/08\/ext_fachada_noturna.jpg","width":1200,"height":1200},{"@type":"BreadcrumbList","@id":"https:\/\/gadens.com.br\/_homologacao\/gadens-incorporadora-lanca-o-lille-seu-primeiro-empreendimento-de-alto-padrao-em-curitiba-na-vila-izabel\/#breadcrumb","itemListElement":[{"@type":"ListItem","position":1,"name":"In\u00edcio","item":"https:\/\/gadens.com.br\/_homologacao\/"},{"@type":"ListItem","position":2,"name":"Gadens Incorporadora lan\u00e7a o Lill\u00e9, seu primeiro empreendimento de alto padr\u00e3o em Curitiba, na Vila Izabel"}]},{"@type":"WebSite","@id":"https:\/\/gadens.com.br\/_homologacao\/#website","url":"https:\/\/gadens.com.br\/_homologacao\/","name":"Gadens Incorporadora","description":"","potentialAction":[{"@type":"SearchAction","target":{"@type":"EntryPoint","urlTemplate":"https:\/\/gadens.com.br\/_homologacao\/?s={search_term_string}"},"query-input":{"@type":"PropertyValueSpecification","valueRequired":true,"valueName":"search_term_string"}}],"inLanguage":"pt-BR"},{"@type":"Person","@id":"https:\/\/gadens.com.br\/_homologacao\/#\/schema\/person\/d11a1409c2e9d9f363dafd5892908d99","name":"Everton","image":{"@type":"ImageObject","inLanguage":"pt-BR","@id":"https:\/\/secure.gravatar.com\/avatar\/2624c7260dbfb769c23e45c371e9446f8d05debec3d8ba526ef2e79d6088e834?s=96&d=mm&r=g","url":"https:\/\/secure.gravatar.com\/avatar\/2624c7260dbfb769c23e45c371e9446f8d05debec3d8ba526ef2e79d6088e834?s=96&d=mm&r=g","contentUrl":"https:\/\/secure.gravatar.com\/avatar\/2624c7260dbfb769c23e45c371e9446f8d05debec3d8ba526ef2e79d6088e834?s=96&d=mm&r=g","caption":"Everton"},"url":"https:\/\/gadens.com.br\/_homologacao\/author\/gadens\/"}]}},"_links":{"self":[{"href":"https:\/\/gadens.com.br\/_homologacao\/wp-json\/wp\/v2\/posts\/122","targetHints":{"allow":["GET"]}}],"collection":[{"href":"https:\/\/gadens.com.br\/_homologacao\/wp-json\/wp\/v2\/posts"}],"about":[{"href":"https:\/\/gadens.com.br\/_homologacao\/wp-json\/wp\/v2\/types\/post"}],"author":[{"embeddable":true,"href":"https:\/\/gadens.com.br\/_homologacao\/wp-json\/wp\/v2\/users\/3"}],"replies":[{"embeddable":true,"href":"https:\/\/gadens.com.br\/_homologacao\/wp-json\/wp\/v2\/comments?post=122"}],"version-history":[{"count":3,"href":"https:\/\/gadens.com.br\/_homologacao\/wp-json\/wp\/v2\/posts\/122\/revisions"}],"predecessor-version":[{"id":434,"href":"https:\/\/gadens.com.br\/_homologacao\/wp-json\/wp\/v2\/posts\/122\/revisions\/434"}],"wp:featuredmedia":[{"embeddable":true,"href":"https:\/\/gadens.com.br\/_homologacao\/wp-json\/wp\/v2\/media\/433"}],"wp:attachment":[{"href":"https:\/\/gadens.com.br\/_homologacao\/wp-json\/wp\/v2\/media?parent=122"}],"wp:term":[{"taxonomy":"category","embeddable":true,"href":"https:\/\/gadens.com.br\/_homologacao\/wp-json\/wp\/v2\/categories?post=122"},{"taxonomy":"post_tag","embeddable":true,"href":"https:\/\/gadens.com.br\/_homologacao\/wp-json\/wp\/v2\/tags?post=122"}],"curies":[{"name":"wp","href":"https:\/\/api.w.org\/{rel}","templated":true}]}}