{"id":123,"date":"2022-08-08T10:00:42","date_gmt":"2022-08-08T13:00:42","guid":{"rendered":"https:\/\/www.gadens.com.br\/?p=123"},"modified":"2022-09-12T13:27:59","modified_gmt":"2022-09-12T16:27:59","slug":"gadens-incorporadora-antecipa-a-entrega-do-lille-condominio-de-alto-padrao-na-vila-izabel-2","status":"publish","type":"post","link":"https:\/\/gadens.com.br\/_homologacao\/gadens-incorporadora-antecipa-a-entrega-do-lille-condominio-de-alto-padrao-na-vila-izabel-2\/","title":{"rendered":"Vendas de apartamentos novos cresce 11,2% em Curitiba nos \u00faltimos anos"},"content":{"rendered":"\n<p>As vendas de apartamentos novos em Curitiba cresceram 11,2% no ano passado em rela\u00e7\u00e3o a 2017, totalizando mais de quatro mil unidades novas comercializadas na capital paranaense. Os dados da Associa\u00e7\u00e3o dos Dirigentes de Empresas do Mercado Imobili\u00e1rio do Paran\u00e1 (Ademi-PR) indicam uma retomada gradual do setor de lan\u00e7amentos imobili\u00e1rios, especialmente para a venda de im\u00f3veis na planta. O&nbsp;<strong>Gerente Comercial<\/strong>&nbsp;da Gadens Incorporadora,&nbsp;<strong>Ricardo Kojima,&nbsp;<\/strong>diz que essa modalidade de aquisi\u00e7\u00e3o \u00e9 uma compra planejada e, por isso, traz vantagens financeiras ao comprador.<\/p>\n\n\n\n<p>Entre elas, a compra do im\u00f3vel na planta favorece a valoriza\u00e7\u00e3o patrimonial, que historicamente varia&nbsp;<strong>numa<\/strong>m\u00e9dia de 20% at\u00e9 a entrega das chaves. Outro importante benef\u00edcio apontado por Kojima \u00e9 o planejamento financeiro. \u201cPermite-se pagar um valor maior de entrada durante o per\u00edodo de obras, enquanto o im\u00f3vel valoriza-se. Com isso, o saldo devedor diminui, o que facilita a contrata\u00e7\u00e3o do financiamento imobili\u00e1rio\u201d, explica.<\/p>\n\n\n\n<p>De acordo com o&nbsp;<strong>Gerente Comercial&nbsp;<\/strong>da Gadens Incorporadora, o risco dessa opera\u00e7\u00e3o \u2013 no caso, o n\u00e3o recebimento das chaves do im\u00f3vel \u2013 \u00e9 muito baixo, devido \u00e0 instrumentos legais, como a Lei n\u00ba 10.931\/2014, que trata da incorpora\u00e7\u00e3o imobili\u00e1ria e do patrim\u00f4nio de afeta\u00e7\u00e3o (que separa os receb\u00edveis e a contabilidade da empresa e do empreendimento, portanto, com gest\u00e3o&nbsp;<strong>financeira<\/strong>&nbsp;independente) e tamb\u00e9m \u00e0 solidez das empresas no mercado.<\/p>\n\n\n\n<p>A compra do im\u00f3vel na planta tamb\u00e9m permite que o cliente escolha os apartamentos com vista e insola\u00e7\u00e3o privilegiadas, em andares mais altos do pr\u00e9dio. Apartamentos em andares mais altos e com face de insola\u00e7\u00e3o norte e oeste geralmente s\u00e3o mais valorizados numa futura venda. \u201cA disponibilidade de unidades altas ou com tipologia diferenciada, como Garden e cobertura duplex, \u00e9 um privil\u00e9gio para \u2018quem chega primeiro\u2019\u201d, ressalta Kojima.<\/p>\n\n\n\n<p>A possibilidade de escolher a configura\u00e7\u00e3o do im\u00f3vel que melhor atende o estilo de vida do morador tamb\u00e9m \u00e9 uma vantagem da compra na planta. Para isso, construtoras e incorporadoras oferecem op\u00e7\u00f5es de plantas variadas. No Lill\u00e8, empreendimento da Gadens Incorporadora com apartamentos de 2 e 3 quartos em constru\u00e7\u00e3o na Vila Izabel, em Curitiba, h\u00e1 op\u00e7\u00f5es de cozinha fechada ou integrada, escala em U ou linear e roupeiro estendido.<\/p>\n\n\n\n<p>O mercado imobili\u00e1rio se transforma, mas algumas recomenda\u00e7\u00f5es continuam as mesmas para uma compra segura. O&nbsp;<strong>Gerente comercial&nbsp;<\/strong>da Gadens Incorporadora,&nbsp;<strong>Ricardo Kojima,&nbsp;<\/strong>cita as principais:<\/p>\n\n\n\n<p>-Busque informa\u00e7\u00f5es sobre a construtora\/incorporadora em entidades de classe, como o CREA e a Ademi, para saber o hist\u00f3rico da empresa e como \u00e9 sua imagem no mercado.<\/p>\n\n\n\n<p>-Informe-se com o&nbsp;<strong>corretor<\/strong>&nbsp;sobre quais outros empreendimentos a construtora\/incorporadora j\u00e1 efetivou e visit\u00e1-los. Conversar com os moradores desses im\u00f3veis pode trazer informa\u00e7\u00f5es importantes sobre prazo de entrega, fidelidade ao memorial descritivo e atendimento a problemas surgidos ap\u00f3s a entrega.<\/p>\n\n\n\n<p>-Solicite a&nbsp;<strong>Matr\u00edcula<\/strong>&nbsp;do Registro de Im\u00f3veis \u2013 verificar em nome de quem est\u00e1 o im\u00f3vel e se est\u00e1 com&nbsp;<strong>o Registro de Incorpora\u00e7\u00e3o (RI)<\/strong>;<\/p>\n\n\n\n<p>-Verifique as certid\u00f5es negativas da construtora\/incorporadora:<\/p>\n\n\n\n<p>-Solicite o Memorial Descritivo (das partes comuns e da unidade espec\u00edfica) e o cronograma da obra;<\/p>\n\n\n\n<p>-Informe-se sobre o hist\u00f3rico da empresa no mercado;<\/p>\n\n\n\n<p>-Para obras novas e conclu\u00eddas, solicite a averba\u00e7\u00e3o do&nbsp;<strong>Certificado de Vistoria de Conclus\u00e3o de Obra (CVCO)<\/strong>, tamb\u00e9m conhecido como Habite-se;<\/p>\n\n\n\n<p>-As legisla\u00e7\u00f5es que regem a compra de um im\u00f3vel s\u00e3o o C\u00f3digo de Defesa do Consumidor (CDC), o C\u00f3digo Civil e a&nbsp;<strong>Lei n\u00ba 10.931\/2014.<\/strong><\/p>\n\n\n\n<p><br><\/p>\n","protected":false},"excerpt":{"rendered":"<p>As vendas de apartamentos novos em Curitiba cresceram 11,2% no ano passado em rela\u00e7\u00e3o a 2017, totalizando mais de quatro mil unidades novas comercializadas na capital paranaense. Os dados da Associa\u00e7\u00e3o dos Dirigentes de Empresas do Mercado Imobili\u00e1rio do Paran\u00e1 (Ademi-PR) indicam uma retomada gradual do setor de lan\u00e7amentos imobili\u00e1rios, especialmente para a venda de [&hellip;]<\/p>\n","protected":false},"author":3,"featured_media":392,"comment_status":"open","ping_status":"open","sticky":false,"template":"","format":"standard","meta":{"footnotes":""},"categories":[1],"tags":[],"class_list":["post-123","post","type-post","status-publish","format-standard","has-post-thumbnail","hentry","category-sem-categoria"],"acf":[],"yoast_head":"<!-- This site is optimized with the Yoast SEO plugin v27.4 - https:\/\/yoast.com\/product\/yoast-seo-wordpress\/ -->\n<title>Vendas de apartamentos novos cresce 11,2% em Curitiba nos \u00faltimos anos - Gadens Incorporadora<\/title>\n<meta name=\"robots\" content=\"index, follow, max-snippet:-1, max-image-preview:large, max-video-preview:-1\" \/>\n<link rel=\"canonical\" href=\"https:\/\/gadens.com.br\/_homologacao\/gadens-incorporadora-antecipa-a-entrega-do-lille-condominio-de-alto-padrao-na-vila-izabel-2\/\" \/>\n<meta property=\"og:locale\" content=\"pt_BR\" \/>\n<meta property=\"og:type\" content=\"article\" \/>\n<meta property=\"og:title\" content=\"Vendas de apartamentos novos cresce 11,2% em Curitiba nos \u00faltimos anos - Gadens Incorporadora\" \/>\n<meta property=\"og:description\" content=\"As vendas de apartamentos novos em Curitiba cresceram 11,2% no ano passado em rela\u00e7\u00e3o a 2017, totalizando mais de quatro mil unidades novas comercializadas na capital paranaense. Os dados da Associa\u00e7\u00e3o dos Dirigentes de Empresas do Mercado Imobili\u00e1rio do Paran\u00e1 (Ademi-PR) indicam uma retomada gradual do setor de lan\u00e7amentos imobili\u00e1rios, especialmente para a venda de [&hellip;]\" \/>\n<meta property=\"og:url\" content=\"https:\/\/gadens.com.br\/_homologacao\/gadens-incorporadora-antecipa-a-entrega-do-lille-condominio-de-alto-padrao-na-vila-izabel-2\/\" \/>\n<meta property=\"og:site_name\" content=\"Gadens Incorporadora\" \/>\n<meta property=\"article:published_time\" content=\"2022-08-08T13:00:42+00:00\" \/>\n<meta property=\"article:modified_time\" content=\"2022-09-12T16:27:59+00:00\" \/>\n<meta property=\"og:image\" content=\"https:\/\/gadens.com.br\/_homologacao\/wp-content\/uploads\/2022\/09\/17-amb_sacada-final-1-e-10_rgb-1-scaled.jpg\" \/>\n\t<meta property=\"og:image:width\" content=\"2560\" \/>\n\t<meta property=\"og:image:height\" content=\"1707\" \/>\n\t<meta property=\"og:image:type\" content=\"image\/jpeg\" \/>\n<meta name=\"author\" content=\"Everton\" \/>\n<meta name=\"twitter:card\" content=\"summary_large_image\" \/>\n<meta name=\"twitter:label1\" content=\"Escrito por\" \/>\n\t<meta name=\"twitter:data1\" content=\"Everton\" \/>\n\t<meta name=\"twitter:label2\" content=\"Est. tempo de leitura\" \/>\n\t<meta name=\"twitter:data2\" content=\"4 minutos\" \/>\n<script type=\"application\/ld+json\" class=\"yoast-schema-graph\">{\"@context\":\"https:\\\/\\\/schema.org\",\"@graph\":[{\"@type\":\"Article\",\"@id\":\"https:\\\/\\\/gadens.com.br\\\/_homologacao\\\/gadens-incorporadora-antecipa-a-entrega-do-lille-condominio-de-alto-padrao-na-vila-izabel-2\\\/#article\",\"isPartOf\":{\"@id\":\"https:\\\/\\\/gadens.com.br\\\/_homologacao\\\/gadens-incorporadora-antecipa-a-entrega-do-lille-condominio-de-alto-padrao-na-vila-izabel-2\\\/\"},\"author\":{\"name\":\"Everton\",\"@id\":\"https:\\\/\\\/gadens.com.br\\\/_homologacao\\\/#\\\/schema\\\/person\\\/d11a1409c2e9d9f363dafd5892908d99\"},\"headline\":\"Vendas de apartamentos novos cresce 11,2% em Curitiba nos \u00faltimos anos\",\"datePublished\":\"2022-08-08T13:00:42+00:00\",\"dateModified\":\"2022-09-12T16:27:59+00:00\",\"mainEntityOfPage\":{\"@id\":\"https:\\\/\\\/gadens.com.br\\\/_homologacao\\\/gadens-incorporadora-antecipa-a-entrega-do-lille-condominio-de-alto-padrao-na-vila-izabel-2\\\/\"},\"wordCount\":629,\"commentCount\":0,\"image\":{\"@id\":\"https:\\\/\\\/gadens.com.br\\\/_homologacao\\\/gadens-incorporadora-antecipa-a-entrega-do-lille-condominio-de-alto-padrao-na-vila-izabel-2\\\/#primaryimage\"},\"thumbnailUrl\":\"https:\\\/\\\/gadens.com.br\\\/_homologacao\\\/wp-content\\\/uploads\\\/2022\\\/09\\\/17-amb_sacada-final-1-e-10_rgb-1-scaled.jpg\",\"inLanguage\":\"pt-BR\",\"potentialAction\":[{\"@type\":\"CommentAction\",\"name\":\"Comment\",\"target\":[\"https:\\\/\\\/gadens.com.br\\\/_homologacao\\\/gadens-incorporadora-antecipa-a-entrega-do-lille-condominio-de-alto-padrao-na-vila-izabel-2\\\/#respond\"]}]},{\"@type\":\"WebPage\",\"@id\":\"https:\\\/\\\/gadens.com.br\\\/_homologacao\\\/gadens-incorporadora-antecipa-a-entrega-do-lille-condominio-de-alto-padrao-na-vila-izabel-2\\\/\",\"url\":\"https:\\\/\\\/gadens.com.br\\\/_homologacao\\\/gadens-incorporadora-antecipa-a-entrega-do-lille-condominio-de-alto-padrao-na-vila-izabel-2\\\/\",\"name\":\"Vendas de apartamentos novos cresce 11,2% em Curitiba nos \u00faltimos anos - Gadens Incorporadora\",\"isPartOf\":{\"@id\":\"https:\\\/\\\/gadens.com.br\\\/_homologacao\\\/#website\"},\"primaryImageOfPage\":{\"@id\":\"https:\\\/\\\/gadens.com.br\\\/_homologacao\\\/gadens-incorporadora-antecipa-a-entrega-do-lille-condominio-de-alto-padrao-na-vila-izabel-2\\\/#primaryimage\"},\"image\":{\"@id\":\"https:\\\/\\\/gadens.com.br\\\/_homologacao\\\/gadens-incorporadora-antecipa-a-entrega-do-lille-condominio-de-alto-padrao-na-vila-izabel-2\\\/#primaryimage\"},\"thumbnailUrl\":\"https:\\\/\\\/gadens.com.br\\\/_homologacao\\\/wp-content\\\/uploads\\\/2022\\\/09\\\/17-amb_sacada-final-1-e-10_rgb-1-scaled.jpg\",\"datePublished\":\"2022-08-08T13:00:42+00:00\",\"dateModified\":\"2022-09-12T16:27:59+00:00\",\"author\":{\"@id\":\"https:\\\/\\\/gadens.com.br\\\/_homologacao\\\/#\\\/schema\\\/person\\\/d11a1409c2e9d9f363dafd5892908d99\"},\"breadcrumb\":{\"@id\":\"https:\\\/\\\/gadens.com.br\\\/_homologacao\\\/gadens-incorporadora-antecipa-a-entrega-do-lille-condominio-de-alto-padrao-na-vila-izabel-2\\\/#breadcrumb\"},\"inLanguage\":\"pt-BR\",\"potentialAction\":[{\"@type\":\"ReadAction\",\"target\":[\"https:\\\/\\\/gadens.com.br\\\/_homologacao\\\/gadens-incorporadora-antecipa-a-entrega-do-lille-condominio-de-alto-padrao-na-vila-izabel-2\\\/\"]}]},{\"@type\":\"ImageObject\",\"inLanguage\":\"pt-BR\",\"@id\":\"https:\\\/\\\/gadens.com.br\\\/_homologacao\\\/gadens-incorporadora-antecipa-a-entrega-do-lille-condominio-de-alto-padrao-na-vila-izabel-2\\\/#primaryimage\",\"url\":\"https:\\\/\\\/gadens.com.br\\\/_homologacao\\\/wp-content\\\/uploads\\\/2022\\\/09\\\/17-amb_sacada-final-1-e-10_rgb-1-scaled.jpg\",\"contentUrl\":\"https:\\\/\\\/gadens.com.br\\\/_homologacao\\\/wp-content\\\/uploads\\\/2022\\\/09\\\/17-amb_sacada-final-1-e-10_rgb-1-scaled.jpg\",\"width\":2560,\"height\":1707,\"caption\":\"Sacada\"},{\"@type\":\"BreadcrumbList\",\"@id\":\"https:\\\/\\\/gadens.com.br\\\/_homologacao\\\/gadens-incorporadora-antecipa-a-entrega-do-lille-condominio-de-alto-padrao-na-vila-izabel-2\\\/#breadcrumb\",\"itemListElement\":[{\"@type\":\"ListItem\",\"position\":1,\"name\":\"In\u00edcio\",\"item\":\"https:\\\/\\\/gadens.com.br\\\/_homologacao\\\/\"},{\"@type\":\"ListItem\",\"position\":2,\"name\":\"Vendas de apartamentos novos cresce 11,2% em Curitiba nos \u00faltimos anos\"}]},{\"@type\":\"WebSite\",\"@id\":\"https:\\\/\\\/gadens.com.br\\\/_homologacao\\\/#website\",\"url\":\"https:\\\/\\\/gadens.com.br\\\/_homologacao\\\/\",\"name\":\"Gadens Incorporadora\",\"description\":\"\",\"potentialAction\":[{\"@type\":\"SearchAction\",\"target\":{\"@type\":\"EntryPoint\",\"urlTemplate\":\"https:\\\/\\\/gadens.com.br\\\/_homologacao\\\/?s={search_term_string}\"},\"query-input\":{\"@type\":\"PropertyValueSpecification\",\"valueRequired\":true,\"valueName\":\"search_term_string\"}}],\"inLanguage\":\"pt-BR\"},{\"@type\":\"Person\",\"@id\":\"https:\\\/\\\/gadens.com.br\\\/_homologacao\\\/#\\\/schema\\\/person\\\/d11a1409c2e9d9f363dafd5892908d99\",\"name\":\"Everton\",\"image\":{\"@type\":\"ImageObject\",\"inLanguage\":\"pt-BR\",\"@id\":\"https:\\\/\\\/secure.gravatar.com\\\/avatar\\\/2624c7260dbfb769c23e45c371e9446f8d05debec3d8ba526ef2e79d6088e834?s=96&d=mm&r=g\",\"url\":\"https:\\\/\\\/secure.gravatar.com\\\/avatar\\\/2624c7260dbfb769c23e45c371e9446f8d05debec3d8ba526ef2e79d6088e834?s=96&d=mm&r=g\",\"contentUrl\":\"https:\\\/\\\/secure.gravatar.com\\\/avatar\\\/2624c7260dbfb769c23e45c371e9446f8d05debec3d8ba526ef2e79d6088e834?s=96&d=mm&r=g\",\"caption\":\"Everton\"},\"url\":\"https:\\\/\\\/gadens.com.br\\\/_homologacao\\\/author\\\/gadens\\\/\"}]}<\/script>\n<!-- \/ Yoast SEO plugin. -->","yoast_head_json":{"title":"Vendas de apartamentos novos cresce 11,2% em Curitiba nos \u00faltimos anos - Gadens Incorporadora","robots":{"index":"index","follow":"follow","max-snippet":"max-snippet:-1","max-image-preview":"max-image-preview:large","max-video-preview":"max-video-preview:-1"},"canonical":"https:\/\/gadens.com.br\/_homologacao\/gadens-incorporadora-antecipa-a-entrega-do-lille-condominio-de-alto-padrao-na-vila-izabel-2\/","og_locale":"pt_BR","og_type":"article","og_title":"Vendas de apartamentos novos cresce 11,2% em Curitiba nos \u00faltimos anos - Gadens Incorporadora","og_description":"As vendas de apartamentos novos em Curitiba cresceram 11,2% no ano passado em rela\u00e7\u00e3o a 2017, totalizando mais de quatro mil unidades novas comercializadas na capital paranaense. Os dados da Associa\u00e7\u00e3o dos Dirigentes de Empresas do Mercado Imobili\u00e1rio do Paran\u00e1 (Ademi-PR) indicam uma retomada gradual do setor de lan\u00e7amentos imobili\u00e1rios, especialmente para a venda de [&hellip;]","og_url":"https:\/\/gadens.com.br\/_homologacao\/gadens-incorporadora-antecipa-a-entrega-do-lille-condominio-de-alto-padrao-na-vila-izabel-2\/","og_site_name":"Gadens Incorporadora","article_published_time":"2022-08-08T13:00:42+00:00","article_modified_time":"2022-09-12T16:27:59+00:00","og_image":[{"width":2560,"height":1707,"url":"https:\/\/gadens.com.br\/_homologacao\/wp-content\/uploads\/2022\/09\/17-amb_sacada-final-1-e-10_rgb-1-scaled.jpg","type":"image\/jpeg"}],"author":"Everton","twitter_card":"summary_large_image","twitter_misc":{"Escrito por":"Everton","Est. tempo de leitura":"4 minutos"},"schema":{"@context":"https:\/\/schema.org","@graph":[{"@type":"Article","@id":"https:\/\/gadens.com.br\/_homologacao\/gadens-incorporadora-antecipa-a-entrega-do-lille-condominio-de-alto-padrao-na-vila-izabel-2\/#article","isPartOf":{"@id":"https:\/\/gadens.com.br\/_homologacao\/gadens-incorporadora-antecipa-a-entrega-do-lille-condominio-de-alto-padrao-na-vila-izabel-2\/"},"author":{"name":"Everton","@id":"https:\/\/gadens.com.br\/_homologacao\/#\/schema\/person\/d11a1409c2e9d9f363dafd5892908d99"},"headline":"Vendas de apartamentos novos cresce 11,2% em Curitiba nos \u00faltimos anos","datePublished":"2022-08-08T13:00:42+00:00","dateModified":"2022-09-12T16:27:59+00:00","mainEntityOfPage":{"@id":"https:\/\/gadens.com.br\/_homologacao\/gadens-incorporadora-antecipa-a-entrega-do-lille-condominio-de-alto-padrao-na-vila-izabel-2\/"},"wordCount":629,"commentCount":0,"image":{"@id":"https:\/\/gadens.com.br\/_homologacao\/gadens-incorporadora-antecipa-a-entrega-do-lille-condominio-de-alto-padrao-na-vila-izabel-2\/#primaryimage"},"thumbnailUrl":"https:\/\/gadens.com.br\/_homologacao\/wp-content\/uploads\/2022\/09\/17-amb_sacada-final-1-e-10_rgb-1-scaled.jpg","inLanguage":"pt-BR","potentialAction":[{"@type":"CommentAction","name":"Comment","target":["https:\/\/gadens.com.br\/_homologacao\/gadens-incorporadora-antecipa-a-entrega-do-lille-condominio-de-alto-padrao-na-vila-izabel-2\/#respond"]}]},{"@type":"WebPage","@id":"https:\/\/gadens.com.br\/_homologacao\/gadens-incorporadora-antecipa-a-entrega-do-lille-condominio-de-alto-padrao-na-vila-izabel-2\/","url":"https:\/\/gadens.com.br\/_homologacao\/gadens-incorporadora-antecipa-a-entrega-do-lille-condominio-de-alto-padrao-na-vila-izabel-2\/","name":"Vendas de apartamentos novos cresce 11,2% em Curitiba nos \u00faltimos anos - Gadens Incorporadora","isPartOf":{"@id":"https:\/\/gadens.com.br\/_homologacao\/#website"},"primaryImageOfPage":{"@id":"https:\/\/gadens.com.br\/_homologacao\/gadens-incorporadora-antecipa-a-entrega-do-lille-condominio-de-alto-padrao-na-vila-izabel-2\/#primaryimage"},"image":{"@id":"https:\/\/gadens.com.br\/_homologacao\/gadens-incorporadora-antecipa-a-entrega-do-lille-condominio-de-alto-padrao-na-vila-izabel-2\/#primaryimage"},"thumbnailUrl":"https:\/\/gadens.com.br\/_homologacao\/wp-content\/uploads\/2022\/09\/17-amb_sacada-final-1-e-10_rgb-1-scaled.jpg","datePublished":"2022-08-08T13:00:42+00:00","dateModified":"2022-09-12T16:27:59+00:00","author":{"@id":"https:\/\/gadens.com.br\/_homologacao\/#\/schema\/person\/d11a1409c2e9d9f363dafd5892908d99"},"breadcrumb":{"@id":"https:\/\/gadens.com.br\/_homologacao\/gadens-incorporadora-antecipa-a-entrega-do-lille-condominio-de-alto-padrao-na-vila-izabel-2\/#breadcrumb"},"inLanguage":"pt-BR","potentialAction":[{"@type":"ReadAction","target":["https:\/\/gadens.com.br\/_homologacao\/gadens-incorporadora-antecipa-a-entrega-do-lille-condominio-de-alto-padrao-na-vila-izabel-2\/"]}]},{"@type":"ImageObject","inLanguage":"pt-BR","@id":"https:\/\/gadens.com.br\/_homologacao\/gadens-incorporadora-antecipa-a-entrega-do-lille-condominio-de-alto-padrao-na-vila-izabel-2\/#primaryimage","url":"https:\/\/gadens.com.br\/_homologacao\/wp-content\/uploads\/2022\/09\/17-amb_sacada-final-1-e-10_rgb-1-scaled.jpg","contentUrl":"https:\/\/gadens.com.br\/_homologacao\/wp-content\/uploads\/2022\/09\/17-amb_sacada-final-1-e-10_rgb-1-scaled.jpg","width":2560,"height":1707,"caption":"Sacada"},{"@type":"BreadcrumbList","@id":"https:\/\/gadens.com.br\/_homologacao\/gadens-incorporadora-antecipa-a-entrega-do-lille-condominio-de-alto-padrao-na-vila-izabel-2\/#breadcrumb","itemListElement":[{"@type":"ListItem","position":1,"name":"In\u00edcio","item":"https:\/\/gadens.com.br\/_homologacao\/"},{"@type":"ListItem","position":2,"name":"Vendas de apartamentos novos cresce 11,2% em Curitiba nos \u00faltimos anos"}]},{"@type":"WebSite","@id":"https:\/\/gadens.com.br\/_homologacao\/#website","url":"https:\/\/gadens.com.br\/_homologacao\/","name":"Gadens Incorporadora","description":"","potentialAction":[{"@type":"SearchAction","target":{"@type":"EntryPoint","urlTemplate":"https:\/\/gadens.com.br\/_homologacao\/?s={search_term_string}"},"query-input":{"@type":"PropertyValueSpecification","valueRequired":true,"valueName":"search_term_string"}}],"inLanguage":"pt-BR"},{"@type":"Person","@id":"https:\/\/gadens.com.br\/_homologacao\/#\/schema\/person\/d11a1409c2e9d9f363dafd5892908d99","name":"Everton","image":{"@type":"ImageObject","inLanguage":"pt-BR","@id":"https:\/\/secure.gravatar.com\/avatar\/2624c7260dbfb769c23e45c371e9446f8d05debec3d8ba526ef2e79d6088e834?s=96&d=mm&r=g","url":"https:\/\/secure.gravatar.com\/avatar\/2624c7260dbfb769c23e45c371e9446f8d05debec3d8ba526ef2e79d6088e834?s=96&d=mm&r=g","contentUrl":"https:\/\/secure.gravatar.com\/avatar\/2624c7260dbfb769c23e45c371e9446f8d05debec3d8ba526ef2e79d6088e834?s=96&d=mm&r=g","caption":"Everton"},"url":"https:\/\/gadens.com.br\/_homologacao\/author\/gadens\/"}]}},"_links":{"self":[{"href":"https:\/\/gadens.com.br\/_homologacao\/wp-json\/wp\/v2\/posts\/123","targetHints":{"allow":["GET"]}}],"collection":[{"href":"https:\/\/gadens.com.br\/_homologacao\/wp-json\/wp\/v2\/posts"}],"about":[{"href":"https:\/\/gadens.com.br\/_homologacao\/wp-json\/wp\/v2\/types\/post"}],"author":[{"embeddable":true,"href":"https:\/\/gadens.com.br\/_homologacao\/wp-json\/wp\/v2\/users\/3"}],"replies":[{"embeddable":true,"href":"https:\/\/gadens.com.br\/_homologacao\/wp-json\/wp\/v2\/comments?post=123"}],"version-history":[{"count":2,"href":"https:\/\/gadens.com.br\/_homologacao\/wp-json\/wp\/v2\/posts\/123\/revisions"}],"predecessor-version":[{"id":428,"href":"https:\/\/gadens.com.br\/_homologacao\/wp-json\/wp\/v2\/posts\/123\/revisions\/428"}],"wp:featuredmedia":[{"embeddable":true,"href":"https:\/\/gadens.com.br\/_homologacao\/wp-json\/wp\/v2\/media\/392"}],"wp:attachment":[{"href":"https:\/\/gadens.com.br\/_homologacao\/wp-json\/wp\/v2\/media?parent=123"}],"wp:term":[{"taxonomy":"category","embeddable":true,"href":"https:\/\/gadens.com.br\/_homologacao\/wp-json\/wp\/v2\/categories?post=123"},{"taxonomy":"post_tag","embeddable":true,"href":"https:\/\/gadens.com.br\/_homologacao\/wp-json\/wp\/v2\/tags?post=123"}],"curies":[{"name":"wp","href":"https:\/\/api.w.org\/{rel}","templated":true}]}}