{"id":125,"date":"2022-08-08T10:00:42","date_gmt":"2022-08-08T13:00:42","guid":{"rendered":"https:\/\/www.gadens.com.br\/?p=125"},"modified":"2022-09-12T13:17:06","modified_gmt":"2022-09-12T16:17:06","slug":"gadens-incorporadora-antecipa-a-entrega-do-lille-condominio-de-alto-padrao-na-vila-izabel-3","status":"publish","type":"post","link":"https:\/\/gadens.com.br\/_homologacao\/gadens-incorporadora-antecipa-a-entrega-do-lille-condominio-de-alto-padrao-na-vila-izabel-3\/","title":{"rendered":"Gadens Incorporadora antecipa a entrega do Lill\u00e8, condom\u00ednio de alto padr\u00e3o na Vila Izabel."},"content":{"rendered":"\n<p>A Gadens Incorporadora, empresa que atua na incorpora\u00e7\u00e3o de empreendimentos de alto padr\u00e3o em Curitiba, antecipou a entrega do Lill\u00e8, condom\u00ednio residencial em constru\u00e7\u00e3o na Vila Izabel, para novembro de 2020, quatro meses antes da data inicial, prevista para o 1\u00ba trimestre de 2021. A Th\u00e1 Engenharia \u00e9 a empresa respons\u00e1vel pela execu\u00e7\u00e3o dos trabalhos.<\/p>\n\n\n\n<p>Lan\u00e7ado em agosto do ano passado, o Lill\u00e8 ter\u00e1 torre \u00fanica com apenas 35 apartamentos, todos com sacada gourmet (com churrasqueira a carv\u00e3o e pia de apoio), exceto nas unidades duplex, que contam com churrasqueira interna, e 9 tipos de plantas. Do total, 15 ser\u00e3o apartamentos com 2 quartos (com su\u00edte), de 65,76 e 75,04 m\u00b2 privativos. Outros 10 apartamentos ser\u00e3o de 3 quartos (com su\u00edte) e \u00e1rea privativa de 90,02 m\u00b2.<\/p>\n\n\n\n<p>O empreendimento ter\u00e1 ainda 5 gardens elevados, com 2 quartos (com su\u00edte) e \u00e1rea privativa de 65,76 e 76,29 m\u00b2 (mais terra\u00e7o exclusivo de at\u00e9 20,92 m\u00b2) e com 3 quartos (com su\u00edte) e \u00e1rea privativa de 90,02 m\u00b2, mais terra\u00e7o exclusivo de 26,64 m\u00b2.<\/p>\n\n\n\n<p>Ainda, haver\u00e1 5 coberturas duplex com 3 quartos (com su\u00edte), \u00e1rea privativa de 112,45 a 133,92 m\u00b2, mais terra\u00e7o exclusivo de 22,62 a 51,34 m\u00b2. \u201cAs coberturas ter\u00e3o op\u00e7\u00f5es de plantas, como escada em U ou linear e lavanderia estendida ou com roupeiro\u201d, destaca o diretor da Gadens Incorporadora, Gustavo Giraldeli. Haver\u00e1 1 ou 2 vagas de garagem por unidade.<\/p>\n\n\n\n<p>A arquitetura contempor\u00e2nea \u00e9 caracterizada por linhas retas e por uma paleta de cores s\u00f3bria. O empreendimento tamb\u00e9m traz em seu nome uma refer\u00eancia europeia. \u201cLill\u00e8 \u00e9 uma cidade situada ao Norte da Fran\u00e7a, com ruelas intimistas, ares de cidade do interior e, ao mesmo tempo, muita conveni\u00eancia, lembrando muito a localiza\u00e7\u00e3o do empreendimento\u201d, ressalta Gustavo.<\/p>\n\n\n\n<p>Lazer e acabamento \u2013 A infraestrutura funcional se faz presente na diversidade de espa\u00e7os de lazer, que foram escolhidos por meio de pesquisa de prefer\u00eancia junto aos consumidores, de forma que tenham usabilidade e n\u00e3o onerem a taxa de condom\u00ednio, distribu\u00eddos tanto na \u00e1rea coberta, quanto na descoberta.<\/p>\n\n\n\n<p><br><\/p>\n","protected":false},"excerpt":{"rendered":"<p>A Gadens Incorporadora, empresa que atua na incorpora\u00e7\u00e3o de empreendimentos de alto padr\u00e3o em Curitiba, antecipou a entrega do Lill\u00e8, condom\u00ednio residencial em constru\u00e7\u00e3o na Vila Izabel, para novembro de 2020, quatro meses antes da data inicial, prevista para o 1\u00ba trimestre de 2021. A Th\u00e1 Engenharia \u00e9 a empresa respons\u00e1vel pela execu\u00e7\u00e3o dos trabalhos. [&hellip;]<\/p>\n","protected":false},"author":3,"featured_media":420,"comment_status":"open","ping_status":"open","sticky":false,"template":"","format":"standard","meta":{"footnotes":""},"categories":[1],"tags":[],"class_list":["post-125","post","type-post","status-publish","format-standard","has-post-thumbnail","hentry","category-sem-categoria"],"acf":[],"yoast_head":"<!-- This site is optimized with the Yoast SEO plugin v27.4 - https:\/\/yoast.com\/product\/yoast-seo-wordpress\/ -->\n<title>Gadens Incorporadora antecipa a entrega do Lill\u00e8, condom\u00ednio de alto padr\u00e3o na Vila Izabel. - Gadens Incorporadora<\/title>\n<meta name=\"robots\" content=\"index, follow, max-snippet:-1, max-image-preview:large, max-video-preview:-1\" \/>\n<link rel=\"canonical\" href=\"https:\/\/gadens.com.br\/_homologacao\/gadens-incorporadora-antecipa-a-entrega-do-lille-condominio-de-alto-padrao-na-vila-izabel-3\/\" \/>\n<meta property=\"og:locale\" content=\"pt_BR\" \/>\n<meta property=\"og:type\" content=\"article\" \/>\n<meta property=\"og:title\" content=\"Gadens Incorporadora antecipa a entrega do Lill\u00e8, condom\u00ednio de alto padr\u00e3o na Vila Izabel. - Gadens Incorporadora\" \/>\n<meta property=\"og:description\" content=\"A Gadens Incorporadora, empresa que atua na incorpora\u00e7\u00e3o de empreendimentos de alto padr\u00e3o em Curitiba, antecipou a entrega do Lill\u00e8, condom\u00ednio residencial em constru\u00e7\u00e3o na Vila Izabel, para novembro de 2020, quatro meses antes da data inicial, prevista para o 1\u00ba trimestre de 2021. A Th\u00e1 Engenharia \u00e9 a empresa respons\u00e1vel pela execu\u00e7\u00e3o dos trabalhos. [&hellip;]\" \/>\n<meta property=\"og:url\" content=\"https:\/\/gadens.com.br\/_homologacao\/gadens-incorporadora-antecipa-a-entrega-do-lille-condominio-de-alto-padrao-na-vila-izabel-3\/\" \/>\n<meta property=\"og:site_name\" content=\"Gadens Incorporadora\" \/>\n<meta property=\"article:published_time\" content=\"2022-08-08T13:00:42+00:00\" \/>\n<meta property=\"article:modified_time\" content=\"2022-09-12T16:17:06+00:00\" \/>\n<meta property=\"og:image\" content=\"https:\/\/gadens.com.br\/_homologacao\/wp-content\/uploads\/2022\/08\/mg_0261-hdr.jpg\" \/>\n\t<meta property=\"og:image:width\" content=\"2000\" \/>\n\t<meta property=\"og:image:height\" content=\"1333\" \/>\n\t<meta property=\"og:image:type\" content=\"image\/jpeg\" \/>\n<meta name=\"author\" content=\"Everton\" \/>\n<meta name=\"twitter:card\" content=\"summary_large_image\" \/>\n<meta name=\"twitter:label1\" content=\"Escrito por\" \/>\n\t<meta name=\"twitter:data1\" content=\"Everton\" \/>\n\t<meta name=\"twitter:label2\" content=\"Est. tempo de leitura\" \/>\n\t<meta name=\"twitter:data2\" content=\"2 minutos\" \/>\n<script type=\"application\/ld+json\" class=\"yoast-schema-graph\">{\"@context\":\"https:\\\/\\\/schema.org\",\"@graph\":[{\"@type\":\"Article\",\"@id\":\"https:\\\/\\\/gadens.com.br\\\/_homologacao\\\/gadens-incorporadora-antecipa-a-entrega-do-lille-condominio-de-alto-padrao-na-vila-izabel-3\\\/#article\",\"isPartOf\":{\"@id\":\"https:\\\/\\\/gadens.com.br\\\/_homologacao\\\/gadens-incorporadora-antecipa-a-entrega-do-lille-condominio-de-alto-padrao-na-vila-izabel-3\\\/\"},\"author\":{\"name\":\"Everton\",\"@id\":\"https:\\\/\\\/gadens.com.br\\\/_homologacao\\\/#\\\/schema\\\/person\\\/d11a1409c2e9d9f363dafd5892908d99\"},\"headline\":\"Gadens Incorporadora antecipa a entrega do Lill\u00e8, condom\u00ednio de alto padr\u00e3o na Vila Izabel.\",\"datePublished\":\"2022-08-08T13:00:42+00:00\",\"dateModified\":\"2022-09-12T16:17:06+00:00\",\"mainEntityOfPage\":{\"@id\":\"https:\\\/\\\/gadens.com.br\\\/_homologacao\\\/gadens-incorporadora-antecipa-a-entrega-do-lille-condominio-de-alto-padrao-na-vila-izabel-3\\\/\"},\"wordCount\":352,\"commentCount\":0,\"image\":{\"@id\":\"https:\\\/\\\/gadens.com.br\\\/_homologacao\\\/gadens-incorporadora-antecipa-a-entrega-do-lille-condominio-de-alto-padrao-na-vila-izabel-3\\\/#primaryimage\"},\"thumbnailUrl\":\"https:\\\/\\\/gadens.com.br\\\/_homologacao\\\/wp-content\\\/uploads\\\/2022\\\/08\\\/mg_0261-hdr.jpg\",\"inLanguage\":\"pt-BR\",\"potentialAction\":[{\"@type\":\"CommentAction\",\"name\":\"Comment\",\"target\":[\"https:\\\/\\\/gadens.com.br\\\/_homologacao\\\/gadens-incorporadora-antecipa-a-entrega-do-lille-condominio-de-alto-padrao-na-vila-izabel-3\\\/#respond\"]}]},{\"@type\":\"WebPage\",\"@id\":\"https:\\\/\\\/gadens.com.br\\\/_homologacao\\\/gadens-incorporadora-antecipa-a-entrega-do-lille-condominio-de-alto-padrao-na-vila-izabel-3\\\/\",\"url\":\"https:\\\/\\\/gadens.com.br\\\/_homologacao\\\/gadens-incorporadora-antecipa-a-entrega-do-lille-condominio-de-alto-padrao-na-vila-izabel-3\\\/\",\"name\":\"Gadens Incorporadora antecipa a entrega do Lill\u00e8, condom\u00ednio de alto padr\u00e3o na Vila Izabel. - Gadens Incorporadora\",\"isPartOf\":{\"@id\":\"https:\\\/\\\/gadens.com.br\\\/_homologacao\\\/#website\"},\"primaryImageOfPage\":{\"@id\":\"https:\\\/\\\/gadens.com.br\\\/_homologacao\\\/gadens-incorporadora-antecipa-a-entrega-do-lille-condominio-de-alto-padrao-na-vila-izabel-3\\\/#primaryimage\"},\"image\":{\"@id\":\"https:\\\/\\\/gadens.com.br\\\/_homologacao\\\/gadens-incorporadora-antecipa-a-entrega-do-lille-condominio-de-alto-padrao-na-vila-izabel-3\\\/#primaryimage\"},\"thumbnailUrl\":\"https:\\\/\\\/gadens.com.br\\\/_homologacao\\\/wp-content\\\/uploads\\\/2022\\\/08\\\/mg_0261-hdr.jpg\",\"datePublished\":\"2022-08-08T13:00:42+00:00\",\"dateModified\":\"2022-09-12T16:17:06+00:00\",\"author\":{\"@id\":\"https:\\\/\\\/gadens.com.br\\\/_homologacao\\\/#\\\/schema\\\/person\\\/d11a1409c2e9d9f363dafd5892908d99\"},\"breadcrumb\":{\"@id\":\"https:\\\/\\\/gadens.com.br\\\/_homologacao\\\/gadens-incorporadora-antecipa-a-entrega-do-lille-condominio-de-alto-padrao-na-vila-izabel-3\\\/#breadcrumb\"},\"inLanguage\":\"pt-BR\",\"potentialAction\":[{\"@type\":\"ReadAction\",\"target\":[\"https:\\\/\\\/gadens.com.br\\\/_homologacao\\\/gadens-incorporadora-antecipa-a-entrega-do-lille-condominio-de-alto-padrao-na-vila-izabel-3\\\/\"]}]},{\"@type\":\"ImageObject\",\"inLanguage\":\"pt-BR\",\"@id\":\"https:\\\/\\\/gadens.com.br\\\/_homologacao\\\/gadens-incorporadora-antecipa-a-entrega-do-lille-condominio-de-alto-padrao-na-vila-izabel-3\\\/#primaryimage\",\"url\":\"https:\\\/\\\/gadens.com.br\\\/_homologacao\\\/wp-content\\\/uploads\\\/2022\\\/08\\\/mg_0261-hdr.jpg\",\"contentUrl\":\"https:\\\/\\\/gadens.com.br\\\/_homologacao\\\/wp-content\\\/uploads\\\/2022\\\/08\\\/mg_0261-hdr.jpg\",\"width\":2000,\"height\":1333},{\"@type\":\"BreadcrumbList\",\"@id\":\"https:\\\/\\\/gadens.com.br\\\/_homologacao\\\/gadens-incorporadora-antecipa-a-entrega-do-lille-condominio-de-alto-padrao-na-vila-izabel-3\\\/#breadcrumb\",\"itemListElement\":[{\"@type\":\"ListItem\",\"position\":1,\"name\":\"In\u00edcio\",\"item\":\"https:\\\/\\\/gadens.com.br\\\/_homologacao\\\/\"},{\"@type\":\"ListItem\",\"position\":2,\"name\":\"Gadens Incorporadora antecipa a entrega do Lill\u00e8, condom\u00ednio de alto padr\u00e3o na Vila Izabel.\"}]},{\"@type\":\"WebSite\",\"@id\":\"https:\\\/\\\/gadens.com.br\\\/_homologacao\\\/#website\",\"url\":\"https:\\\/\\\/gadens.com.br\\\/_homologacao\\\/\",\"name\":\"Gadens Incorporadora\",\"description\":\"\",\"potentialAction\":[{\"@type\":\"SearchAction\",\"target\":{\"@type\":\"EntryPoint\",\"urlTemplate\":\"https:\\\/\\\/gadens.com.br\\\/_homologacao\\\/?s={search_term_string}\"},\"query-input\":{\"@type\":\"PropertyValueSpecification\",\"valueRequired\":true,\"valueName\":\"search_term_string\"}}],\"inLanguage\":\"pt-BR\"},{\"@type\":\"Person\",\"@id\":\"https:\\\/\\\/gadens.com.br\\\/_homologacao\\\/#\\\/schema\\\/person\\\/d11a1409c2e9d9f363dafd5892908d99\",\"name\":\"Everton\",\"image\":{\"@type\":\"ImageObject\",\"inLanguage\":\"pt-BR\",\"@id\":\"https:\\\/\\\/secure.gravatar.com\\\/avatar\\\/2624c7260dbfb769c23e45c371e9446f8d05debec3d8ba526ef2e79d6088e834?s=96&d=mm&r=g\",\"url\":\"https:\\\/\\\/secure.gravatar.com\\\/avatar\\\/2624c7260dbfb769c23e45c371e9446f8d05debec3d8ba526ef2e79d6088e834?s=96&d=mm&r=g\",\"contentUrl\":\"https:\\\/\\\/secure.gravatar.com\\\/avatar\\\/2624c7260dbfb769c23e45c371e9446f8d05debec3d8ba526ef2e79d6088e834?s=96&d=mm&r=g\",\"caption\":\"Everton\"},\"url\":\"https:\\\/\\\/gadens.com.br\\\/_homologacao\\\/author\\\/gadens\\\/\"}]}<\/script>\n<!-- \/ Yoast SEO plugin. -->","yoast_head_json":{"title":"Gadens Incorporadora antecipa a entrega do Lill\u00e8, condom\u00ednio de alto padr\u00e3o na Vila Izabel. - Gadens Incorporadora","robots":{"index":"index","follow":"follow","max-snippet":"max-snippet:-1","max-image-preview":"max-image-preview:large","max-video-preview":"max-video-preview:-1"},"canonical":"https:\/\/gadens.com.br\/_homologacao\/gadens-incorporadora-antecipa-a-entrega-do-lille-condominio-de-alto-padrao-na-vila-izabel-3\/","og_locale":"pt_BR","og_type":"article","og_title":"Gadens Incorporadora antecipa a entrega do Lill\u00e8, condom\u00ednio de alto padr\u00e3o na Vila Izabel. - Gadens Incorporadora","og_description":"A Gadens Incorporadora, empresa que atua na incorpora\u00e7\u00e3o de empreendimentos de alto padr\u00e3o em Curitiba, antecipou a entrega do Lill\u00e8, condom\u00ednio residencial em constru\u00e7\u00e3o na Vila Izabel, para novembro de 2020, quatro meses antes da data inicial, prevista para o 1\u00ba trimestre de 2021. A Th\u00e1 Engenharia \u00e9 a empresa respons\u00e1vel pela execu\u00e7\u00e3o dos trabalhos. [&hellip;]","og_url":"https:\/\/gadens.com.br\/_homologacao\/gadens-incorporadora-antecipa-a-entrega-do-lille-condominio-de-alto-padrao-na-vila-izabel-3\/","og_site_name":"Gadens Incorporadora","article_published_time":"2022-08-08T13:00:42+00:00","article_modified_time":"2022-09-12T16:17:06+00:00","og_image":[{"width":2000,"height":1333,"url":"https:\/\/gadens.com.br\/_homologacao\/wp-content\/uploads\/2022\/08\/mg_0261-hdr.jpg","type":"image\/jpeg"}],"author":"Everton","twitter_card":"summary_large_image","twitter_misc":{"Escrito por":"Everton","Est. tempo de leitura":"2 minutos"},"schema":{"@context":"https:\/\/schema.org","@graph":[{"@type":"Article","@id":"https:\/\/gadens.com.br\/_homologacao\/gadens-incorporadora-antecipa-a-entrega-do-lille-condominio-de-alto-padrao-na-vila-izabel-3\/#article","isPartOf":{"@id":"https:\/\/gadens.com.br\/_homologacao\/gadens-incorporadora-antecipa-a-entrega-do-lille-condominio-de-alto-padrao-na-vila-izabel-3\/"},"author":{"name":"Everton","@id":"https:\/\/gadens.com.br\/_homologacao\/#\/schema\/person\/d11a1409c2e9d9f363dafd5892908d99"},"headline":"Gadens Incorporadora antecipa a entrega do Lill\u00e8, condom\u00ednio de alto padr\u00e3o na Vila Izabel.","datePublished":"2022-08-08T13:00:42+00:00","dateModified":"2022-09-12T16:17:06+00:00","mainEntityOfPage":{"@id":"https:\/\/gadens.com.br\/_homologacao\/gadens-incorporadora-antecipa-a-entrega-do-lille-condominio-de-alto-padrao-na-vila-izabel-3\/"},"wordCount":352,"commentCount":0,"image":{"@id":"https:\/\/gadens.com.br\/_homologacao\/gadens-incorporadora-antecipa-a-entrega-do-lille-condominio-de-alto-padrao-na-vila-izabel-3\/#primaryimage"},"thumbnailUrl":"https:\/\/gadens.com.br\/_homologacao\/wp-content\/uploads\/2022\/08\/mg_0261-hdr.jpg","inLanguage":"pt-BR","potentialAction":[{"@type":"CommentAction","name":"Comment","target":["https:\/\/gadens.com.br\/_homologacao\/gadens-incorporadora-antecipa-a-entrega-do-lille-condominio-de-alto-padrao-na-vila-izabel-3\/#respond"]}]},{"@type":"WebPage","@id":"https:\/\/gadens.com.br\/_homologacao\/gadens-incorporadora-antecipa-a-entrega-do-lille-condominio-de-alto-padrao-na-vila-izabel-3\/","url":"https:\/\/gadens.com.br\/_homologacao\/gadens-incorporadora-antecipa-a-entrega-do-lille-condominio-de-alto-padrao-na-vila-izabel-3\/","name":"Gadens Incorporadora antecipa a entrega do Lill\u00e8, condom\u00ednio de alto padr\u00e3o na Vila Izabel. - Gadens Incorporadora","isPartOf":{"@id":"https:\/\/gadens.com.br\/_homologacao\/#website"},"primaryImageOfPage":{"@id":"https:\/\/gadens.com.br\/_homologacao\/gadens-incorporadora-antecipa-a-entrega-do-lille-condominio-de-alto-padrao-na-vila-izabel-3\/#primaryimage"},"image":{"@id":"https:\/\/gadens.com.br\/_homologacao\/gadens-incorporadora-antecipa-a-entrega-do-lille-condominio-de-alto-padrao-na-vila-izabel-3\/#primaryimage"},"thumbnailUrl":"https:\/\/gadens.com.br\/_homologacao\/wp-content\/uploads\/2022\/08\/mg_0261-hdr.jpg","datePublished":"2022-08-08T13:00:42+00:00","dateModified":"2022-09-12T16:17:06+00:00","author":{"@id":"https:\/\/gadens.com.br\/_homologacao\/#\/schema\/person\/d11a1409c2e9d9f363dafd5892908d99"},"breadcrumb":{"@id":"https:\/\/gadens.com.br\/_homologacao\/gadens-incorporadora-antecipa-a-entrega-do-lille-condominio-de-alto-padrao-na-vila-izabel-3\/#breadcrumb"},"inLanguage":"pt-BR","potentialAction":[{"@type":"ReadAction","target":["https:\/\/gadens.com.br\/_homologacao\/gadens-incorporadora-antecipa-a-entrega-do-lille-condominio-de-alto-padrao-na-vila-izabel-3\/"]}]},{"@type":"ImageObject","inLanguage":"pt-BR","@id":"https:\/\/gadens.com.br\/_homologacao\/gadens-incorporadora-antecipa-a-entrega-do-lille-condominio-de-alto-padrao-na-vila-izabel-3\/#primaryimage","url":"https:\/\/gadens.com.br\/_homologacao\/wp-content\/uploads\/2022\/08\/mg_0261-hdr.jpg","contentUrl":"https:\/\/gadens.com.br\/_homologacao\/wp-content\/uploads\/2022\/08\/mg_0261-hdr.jpg","width":2000,"height":1333},{"@type":"BreadcrumbList","@id":"https:\/\/gadens.com.br\/_homologacao\/gadens-incorporadora-antecipa-a-entrega-do-lille-condominio-de-alto-padrao-na-vila-izabel-3\/#breadcrumb","itemListElement":[{"@type":"ListItem","position":1,"name":"In\u00edcio","item":"https:\/\/gadens.com.br\/_homologacao\/"},{"@type":"ListItem","position":2,"name":"Gadens Incorporadora antecipa a entrega do Lill\u00e8, condom\u00ednio de alto padr\u00e3o na Vila Izabel."}]},{"@type":"WebSite","@id":"https:\/\/gadens.com.br\/_homologacao\/#website","url":"https:\/\/gadens.com.br\/_homologacao\/","name":"Gadens Incorporadora","description":"","potentialAction":[{"@type":"SearchAction","target":{"@type":"EntryPoint","urlTemplate":"https:\/\/gadens.com.br\/_homologacao\/?s={search_term_string}"},"query-input":{"@type":"PropertyValueSpecification","valueRequired":true,"valueName":"search_term_string"}}],"inLanguage":"pt-BR"},{"@type":"Person","@id":"https:\/\/gadens.com.br\/_homologacao\/#\/schema\/person\/d11a1409c2e9d9f363dafd5892908d99","name":"Everton","image":{"@type":"ImageObject","inLanguage":"pt-BR","@id":"https:\/\/secure.gravatar.com\/avatar\/2624c7260dbfb769c23e45c371e9446f8d05debec3d8ba526ef2e79d6088e834?s=96&d=mm&r=g","url":"https:\/\/secure.gravatar.com\/avatar\/2624c7260dbfb769c23e45c371e9446f8d05debec3d8ba526ef2e79d6088e834?s=96&d=mm&r=g","contentUrl":"https:\/\/secure.gravatar.com\/avatar\/2624c7260dbfb769c23e45c371e9446f8d05debec3d8ba526ef2e79d6088e834?s=96&d=mm&r=g","caption":"Everton"},"url":"https:\/\/gadens.com.br\/_homologacao\/author\/gadens\/"}]}},"_links":{"self":[{"href":"https:\/\/gadens.com.br\/_homologacao\/wp-json\/wp\/v2\/posts\/125","targetHints":{"allow":["GET"]}}],"collection":[{"href":"https:\/\/gadens.com.br\/_homologacao\/wp-json\/wp\/v2\/posts"}],"about":[{"href":"https:\/\/gadens.com.br\/_homologacao\/wp-json\/wp\/v2\/types\/post"}],"author":[{"embeddable":true,"href":"https:\/\/gadens.com.br\/_homologacao\/wp-json\/wp\/v2\/users\/3"}],"replies":[{"embeddable":true,"href":"https:\/\/gadens.com.br\/_homologacao\/wp-json\/wp\/v2\/comments?post=125"}],"version-history":[{"count":2,"href":"https:\/\/gadens.com.br\/_homologacao\/wp-json\/wp\/v2\/posts\/125\/revisions"}],"predecessor-version":[{"id":423,"href":"https:\/\/gadens.com.br\/_homologacao\/wp-json\/wp\/v2\/posts\/125\/revisions\/423"}],"wp:featuredmedia":[{"embeddable":true,"href":"https:\/\/gadens.com.br\/_homologacao\/wp-json\/wp\/v2\/media\/420"}],"wp:attachment":[{"href":"https:\/\/gadens.com.br\/_homologacao\/wp-json\/wp\/v2\/media?parent=125"}],"wp:term":[{"taxonomy":"category","embeddable":true,"href":"https:\/\/gadens.com.br\/_homologacao\/wp-json\/wp\/v2\/categories?post=125"},{"taxonomy":"post_tag","embeddable":true,"href":"https:\/\/gadens.com.br\/_homologacao\/wp-json\/wp\/v2\/tags?post=125"}],"curies":[{"name":"wp","href":"https:\/\/api.w.org\/{rel}","templated":true}]}}